{"id":4602,"date":"2020-01-20T15:47:31","date_gmt":"2020-01-20T15:47:31","guid":{"rendered":"https:\/\/www.maxorata.es\/?p=4602"},"modified":"2020-01-20T15:54:31","modified_gmt":"2020-01-20T15:54:31","slug":"madrid-fusion-2020","status":"publish","type":"post","link":"https:\/\/maxorata.es\/en\/blog\/madrid-fusion-2020\/","title":{"rendered":"Madrid Fusi\u00f3n 2020 con nuestros sabores de Fuerteventura"},"content":{"rendered":"<p><strong>Madrid Fusi\u00f3n 2020 cumpl\u00eda su mayor\u00eda de edad<\/strong> y nosotros quisimos acompa\u00f1arlos en esta feria de referencia entre <a href=\"https:\/\/www.madridfusion.net\/es\/cocineros\/\" target=\"_blank\" rel=\"noopener noreferrer\">los cocineros m\u00e1s prestigiosos<\/a> nacionales e internacionales.<\/p>\n<h2>En el stand de Tasting Fuerteventura, en Madrid Fusi\u00f3n 2020<\/h2>\n<p>Junto a otras marcas representativas de nuestra isla, nuestros productos estuvieron presentes en el stand de <strong>\u00abTasting Fuerteventura\u00bb<\/strong>. Se trata esta de una marca global con la que se est\u00e1 dando a conocer el producto local, el producto kil\u00f3metro cero y a los productores locales. La idea de esta presencia conjunta de las marcas isle\u00f1as es <strong>conquistar al potencial visitante turista a trav\u00e9s de la gastronom\u00eda local,<\/strong> dando a conocer nuestros productos en el exterior.<\/p>\n<p>En esta XVIII edici\u00f3n de Madrid Fusi\u00f3n, nuestros <a href=\"https:\/\/maxorata.es\/blog\/calidad-de-los-quesos-canarios\/\" target=\"_blank\" rel=\"noopener noreferrer\">quesos canarios<\/a>, con <a href=\"https:\/\/maxorata.es\/blog\/world-cheese-awards-2019\/\" target=\"_blank\" rel=\"noopener noreferrer\">m\u00faltiples premios en la reciente edici\u00f3n de World Cheese Awards 2019<\/a>, recibieron una excelente acogida. Fueron muchos los que se acercaron al stand a conocer los productos de la isla de Fuerteventura y a preguntar por <strong>nuestros quesos Maxorata, Selectum y El Tofio.<\/strong><\/p>\n<h3>Madrid Fusi\u00f3n, un referente entre los cocineros m\u00e1s prestigiosos del mundo<\/h3>\n<p>Sin duda, Madrid Fusi\u00f3n 2020 celebraba su mayor\u00eda de edad gozando de una salud maravillosa. Se ha convertido ya por m\u00e9ritos propios en una feria referente en el mundo de la gastronom\u00eda.<\/p>\n<p><em>Dabiz Mu\u00f1oz, Joan Roca, Isabella Pot\u00ed, Clement Raybaud, Masahiro Fujita o Koji Kimura<\/em> son solo algunos de los nombres que encabezaban el listado de estrellas del programa de este a\u00f1o. Nosotros recibimos tambi\u00e9n la visita del bloguero &#8216;<a href=\"https:\/\/www.instagram.com\/cenandoconpablo\" target=\"_blank\" rel=\"noopener noreferrer\">Cenando con Pablo<\/a>&#8216;, quien nos realiz\u00f3 algunos v\u00eddeos degustando nuestros productos.<\/p>\n<p>De la mano del <strong>Patronato de Turismo de Fuerteventura y de los ayuntamientos de Puerto del Rosario, Antigua, P\u00e1jara y La Oliva<\/strong> acud\u00edamos a esta segunda presencia de Fuerteventura en el evento y nos vamos muy contentos de la experiencia.<\/p>\n<p>Valoramos mucho la apuesta en los \u00faltimos a\u00f1os por incorporar a la oferta tur\u00edstica nuestra rica gastronom\u00eda insular, representada en restaurantes fieles a la cocina tradicional junto a otros que apuestan por la vanguardia y la innovaci\u00f3n sin renunciar al producto local como ingrediente.<\/p>\n<p>&nbsp;<\/p>\n<div><\/div>\n","protected":false},"excerpt":{"rendered":"<p>Madrid Fusi\u00f3n 2020 cumpl\u00eda su mayor\u00eda de edad y nosotros quisimos acompa\u00f1arlos en esta feria de referencia entre los cocineros m\u00e1s prestigiosos nacionales e internacionales. En el stand de Tasting Fuerteventura, en Madrid Fusi\u00f3n 2020 Junto a otras marcas representativas de nuestra isla, nuestros productos estuvieron presentes en el stand de \u00abTasting Fuerteventura\u00bb. Se trata&hellip;<\/p>\n","protected":false},"author":1,"featured_media":4604,"comment_status":"closed","ping_status":"closed","sticky":false,"template":"","format":"standard","meta":{"footnotes":""},"categories":[42,167],"tags":[169,170,168],"class_list":["post-4602","post","type-post","status-publish","format-standard","has-post-thumbnail","hentry","category-noticias","category-eventos","tag-cocineros","tag-eventos","tag-madrid-fusion","category-42","category-167","description-off"],"yoast_head":"<!-- This site is optimized with the Yoast SEO plugin v28.3 - https:\/\/yoast.com\/product\/yoast-seo-wordpress\/ -->\n<title>Madrid Fusi\u00f3n 2020 con nuestros sabores de Fuerteventura<\/title>\n<meta name=\"description\" content=\"Madrid Fusi\u00f3n 2020 cumpl\u00eda su mayor\u00eda de edad y quisimos acompa\u00f1arlos en esta feria de referencia entre los cocineros m\u00e1s prestigiosos.\" \/>\n<meta name=\"robots\" content=\"index, follow, max-snippet:-1, max-image-preview:large, max-video-preview:-1\" \/>\n<link rel=\"canonical\" href=\"https:\/\/maxorata.es\/en\/blog\/madrid-fusion-2020\/\" \/>\n<meta property=\"og:locale\" content=\"en_GB\" \/>\n<meta property=\"og:locale:alternate\" content=\"es_ES\" \/>\n<meta property=\"og:type\" content=\"article\" \/>\n<meta property=\"og:title\" content=\"Madrid Fusi\u00f3n 2020 con nuestros sabores de Fuerteventura\" \/>\n<meta property=\"og:description\" content=\"Madrid Fusi\u00f3n 2020 cumpl\u00eda su mayor\u00eda de edad y quisimos acompa\u00f1arlos en esta feria de referencia entre los cocineros m\u00e1s prestigiosos.\" \/>\n<meta property=\"og:url\" content=\"https:\/\/maxorata.es\/en\/blog\/madrid-fusion-2020\/\" \/>\n<meta property=\"og:site_name\" content=\"Maxorata\" \/>\n<meta property=\"article:published_time\" content=\"2020-01-20T15:47:31+00:00\" \/>\n<meta property=\"article:modified_time\" content=\"2020-01-20T15:54:31+00:00\" \/>\n<meta property=\"og:image\" content=\"https:\/\/maxorata.es\/wp-content\/uploads\/2020\/01\/madrid-fusion-2020-maxorata-tofio-selectum.jpg\" \/>\n\t<meta property=\"og:image:width\" content=\"2560\" \/>\n\t<meta property=\"og:image:height\" content=\"1920\" \/>\n\t<meta property=\"og:image:type\" content=\"image\/jpeg\" \/>\n<meta name=\"twitter:card\" content=\"summary_large_image\" \/>\n<meta name=\"twitter:label1\" content=\"Written by\" \/>\n\t<meta name=\"twitter:data1\" content=\"\" \/>\n\t<meta name=\"twitter:label2\" content=\"Estimated reading time\" \/>\n\t<meta name=\"twitter:data2\" content=\"2 minutes\" \/>\n<script type=\"application\/ld+json\" class=\"yoast-schema-graph\">{\"@context\":\"https:\\\/\\\/schema.org\",\"@graph\":[{\"@type\":\"Article\",\"@id\":\"https:\\\/\\\/maxorata.es\\\/blog\\\/madrid-fusion-2020\\\/#article\",\"isPartOf\":{\"@id\":\"https:\\\/\\\/maxorata.es\\\/blog\\\/madrid-fusion-2020\\\/\"},\"author\":{\"name\":\"\",\"@id\":\"\"},\"headline\":\"Madrid Fusi\u00f3n 2020 con nuestros sabores de Fuerteventura\",\"datePublished\":\"2020-01-20T15:47:31+00:00\",\"dateModified\":\"2020-01-20T15:54:31+00:00\",\"mainEntityOfPage\":{\"@id\":\"https:\\\/\\\/maxorata.es\\\/blog\\\/madrid-fusion-2020\\\/\"},\"wordCount\":376,\"publisher\":{\"@id\":\"https:\\\/\\\/maxorata.es\\\/#organization\"},\"image\":{\"@id\":\"https:\\\/\\\/maxorata.es\\\/blog\\\/madrid-fusion-2020\\\/#primaryimage\"},\"thumbnailUrl\":\"https:\\\/\\\/maxorata.es\\\/wp-content\\\/uploads\\\/2020\\\/01\\\/madrid-fusion-2020-maxorata-tofio-selectum.jpg\",\"keywords\":[\"Cocineros\",\"Eventos\",\"Madrid Fusi\u00f3n\"],\"articleSection\":[\"Noticias\",\"Eventos\"],\"inLanguage\":\"en-GB\"},{\"@type\":\"WebPage\",\"@id\":\"https:\\\/\\\/maxorata.es\\\/blog\\\/madrid-fusion-2020\\\/\",\"url\":\"https:\\\/\\\/maxorata.es\\\/blog\\\/madrid-fusion-2020\\\/\",\"name\":\"Madrid Fusi\u00f3n 2020 con nuestros sabores de Fuerteventura\",\"isPartOf\":{\"@id\":\"https:\\\/\\\/maxorata.es\\\/#website\"},\"primaryImageOfPage\":{\"@id\":\"https:\\\/\\\/maxorata.es\\\/blog\\\/madrid-fusion-2020\\\/#primaryimage\"},\"image\":{\"@id\":\"https:\\\/\\\/maxorata.es\\\/blog\\\/madrid-fusion-2020\\\/#primaryimage\"},\"thumbnailUrl\":\"https:\\\/\\\/maxorata.es\\\/wp-content\\\/uploads\\\/2020\\\/01\\\/madrid-fusion-2020-maxorata-tofio-selectum.jpg\",\"datePublished\":\"2020-01-20T15:47:31+00:00\",\"dateModified\":\"2020-01-20T15:54:31+00:00\",\"description\":\"Madrid Fusi\u00f3n 2020 cumpl\u00eda su mayor\u00eda de edad y quisimos acompa\u00f1arlos en esta feria de referencia entre los cocineros m\u00e1s prestigiosos.\",\"breadcrumb\":{\"@id\":\"https:\\\/\\\/maxorata.es\\\/blog\\\/madrid-fusion-2020\\\/#breadcrumb\"},\"inLanguage\":\"en-GB\",\"potentialAction\":[{\"@type\":\"ReadAction\",\"target\":[\"https:\\\/\\\/maxorata.es\\\/blog\\\/madrid-fusion-2020\\\/\"]}]},{\"@type\":\"ImageObject\",\"inLanguage\":\"en-GB\",\"@id\":\"https:\\\/\\\/maxorata.es\\\/blog\\\/madrid-fusion-2020\\\/#primaryimage\",\"url\":\"https:\\\/\\\/maxorata.es\\\/wp-content\\\/uploads\\\/2020\\\/01\\\/madrid-fusion-2020-maxorata-tofio-selectum.jpg\",\"contentUrl\":\"https:\\\/\\\/maxorata.es\\\/wp-content\\\/uploads\\\/2020\\\/01\\\/madrid-fusion-2020-maxorata-tofio-selectum.jpg\",\"width\":2560,\"height\":1920,\"caption\":\"Maxorata, Selectum y El Tofio en Madrid Fusi\u00f3n 2020\"},{\"@type\":\"BreadcrumbList\",\"@id\":\"https:\\\/\\\/maxorata.es\\\/blog\\\/madrid-fusion-2020\\\/#breadcrumb\",\"itemListElement\":[{\"@type\":\"ListItem\",\"position\":1,\"name\":\"Portada\",\"item\":\"https:\\\/\\\/maxorata.es\\\/\"},{\"@type\":\"ListItem\",\"position\":2,\"name\":\"Madrid Fusi\u00f3n 2020 con nuestros sabores de Fuerteventura\"}]},{\"@type\":\"WebSite\",\"@id\":\"https:\\\/\\\/maxorata.es\\\/#website\",\"url\":\"https:\\\/\\\/maxorata.es\\\/\",\"name\":\"Maxorata\",\"description\":\"Queso majorero y otros productos l\u00e1cteos del Grupo Ganaderos de Fuerteventura\",\"publisher\":{\"@id\":\"https:\\\/\\\/maxorata.es\\\/#organization\"},\"potentialAction\":[{\"@type\":\"SearchAction\",\"target\":{\"@type\":\"EntryPoint\",\"urlTemplate\":\"https:\\\/\\\/maxorata.es\\\/?s={search_term_string}\"},\"query-input\":{\"@type\":\"PropertyValueSpecification\",\"valueRequired\":true,\"valueName\":\"search_term_string\"}}],\"inLanguage\":\"en-GB\"},{\"@type\":\"Organization\",\"@id\":\"https:\\\/\\\/maxorata.es\\\/#organization\",\"name\":\"Grupo Ganaderos de Fuerteventura S.L\",\"url\":\"https:\\\/\\\/maxorata.es\\\/\",\"logo\":{\"@type\":\"ImageObject\",\"inLanguage\":\"en-GB\",\"@id\":\"https:\\\/\\\/maxorata.es\\\/#\\\/schema\\\/logo\\\/image\\\/\",\"url\":\"https:\\\/\\\/maxorata.es\\\/wp-content\\\/uploads\\\/2018\\\/05\\\/logo.jpg\",\"contentUrl\":\"https:\\\/\\\/maxorata.es\\\/wp-content\\\/uploads\\\/2018\\\/05\\\/logo.jpg\",\"width\":109,\"height\":77,\"caption\":\"Grupo Ganaderos de Fuerteventura S.L\"},\"image\":{\"@id\":\"https:\\\/\\\/maxorata.es\\\/#\\\/schema\\\/logo\\\/image\\\/\"}},{\"@type\":\"Person\",\"@id\":\"\",\"url\":\"https:\\\/\\\/maxorata.es\\\/en\\\/blog\\\/author\\\/\"}]}<\/script>\n<!-- \/ Yoast SEO plugin. -->","yoast_head_json":{"title":"Madrid Fusi\u00f3n 2020 con nuestros sabores de Fuerteventura","description":"Madrid Fusi\u00f3n 2020 cumpl\u00eda su mayor\u00eda de edad y quisimos acompa\u00f1arlos en esta feria de referencia entre los cocineros m\u00e1s prestigiosos.","robots":{"index":"index","follow":"follow","max-snippet":"max-snippet:-1","max-image-preview":"max-image-preview:large","max-video-preview":"max-video-preview:-1"},"canonical":"https:\/\/maxorata.es\/en\/blog\/madrid-fusion-2020\/","og_locale":"en_GB","og_type":"article","og_title":"[:es]Madrid Fusi\u00f3n 2020 con nuestros sabores de Fuerteventura[:] - Maxorata","og_description":"Madrid Fusi\u00f3n 2020 cumpl\u00eda su mayor\u00eda de edad y quisimos acompa\u00f1arlos en esta feria de referencia entre los cocineros m\u00e1s prestigiosos.","og_url":"https:\/\/maxorata.es\/en\/blog\/madrid-fusion-2020\/","og_site_name":"Maxorata","article_published_time":"2020-01-20T15:47:31+00:00","article_modified_time":"2020-01-20T15:54:31+00:00","og_image":[{"width":2560,"height":1920,"url":"https:\/\/maxorata.es\/wp-content\/uploads\/2020\/01\/madrid-fusion-2020-maxorata-tofio-selectum.jpg","type":"image\/jpeg"}],"twitter_card":"summary_large_image","twitter_misc":{"Written by":"","Estimated reading time":"2 minutes"},"schema":{"@context":"https:\/\/schema.org","@graph":[{"@type":"Article","@id":"https:\/\/maxorata.es\/blog\/madrid-fusion-2020\/#article","isPartOf":{"@id":"https:\/\/maxorata.es\/blog\/madrid-fusion-2020\/"},"author":{"name":"","@id":""},"headline":"Madrid Fusi\u00f3n 2020 con nuestros sabores de Fuerteventura","datePublished":"2020-01-20T15:47:31+00:00","dateModified":"2020-01-20T15:54:31+00:00","mainEntityOfPage":{"@id":"https:\/\/maxorata.es\/blog\/madrid-fusion-2020\/"},"wordCount":376,"publisher":{"@id":"https:\/\/maxorata.es\/#organization"},"image":{"@id":"https:\/\/maxorata.es\/blog\/madrid-fusion-2020\/#primaryimage"},"thumbnailUrl":"https:\/\/maxorata.es\/wp-content\/uploads\/2020\/01\/madrid-fusion-2020-maxorata-tofio-selectum.jpg","keywords":["Cocineros","Eventos","Madrid Fusi\u00f3n"],"articleSection":["Noticias","Eventos"],"inLanguage":"en-GB"},{"@type":"WebPage","@id":"https:\/\/maxorata.es\/blog\/madrid-fusion-2020\/","url":"https:\/\/maxorata.es\/blog\/madrid-fusion-2020\/","name":"Madrid Fusi\u00f3n 2020 con nuestros sabores de Fuerteventura","isPartOf":{"@id":"https:\/\/maxorata.es\/#website"},"primaryImageOfPage":{"@id":"https:\/\/maxorata.es\/blog\/madrid-fusion-2020\/#primaryimage"},"image":{"@id":"https:\/\/maxorata.es\/blog\/madrid-fusion-2020\/#primaryimage"},"thumbnailUrl":"https:\/\/maxorata.es\/wp-content\/uploads\/2020\/01\/madrid-fusion-2020-maxorata-tofio-selectum.jpg","datePublished":"2020-01-20T15:47:31+00:00","dateModified":"2020-01-20T15:54:31+00:00","description":"Madrid Fusi\u00f3n 2020 cumpl\u00eda su mayor\u00eda de edad y quisimos acompa\u00f1arlos en esta feria de referencia entre los cocineros m\u00e1s prestigiosos.","breadcrumb":{"@id":"https:\/\/maxorata.es\/blog\/madrid-fusion-2020\/#breadcrumb"},"inLanguage":"en-GB","potentialAction":[{"@type":"ReadAction","target":["https:\/\/maxorata.es\/blog\/madrid-fusion-2020\/"]}]},{"@type":"ImageObject","inLanguage":"en-GB","@id":"https:\/\/maxorata.es\/blog\/madrid-fusion-2020\/#primaryimage","url":"https:\/\/maxorata.es\/wp-content\/uploads\/2020\/01\/madrid-fusion-2020-maxorata-tofio-selectum.jpg","contentUrl":"https:\/\/maxorata.es\/wp-content\/uploads\/2020\/01\/madrid-fusion-2020-maxorata-tofio-selectum.jpg","width":2560,"height":1920,"caption":"Maxorata, Selectum y El Tofio en Madrid Fusi\u00f3n 2020"},{"@type":"BreadcrumbList","@id":"https:\/\/maxorata.es\/blog\/madrid-fusion-2020\/#breadcrumb","itemListElement":[{"@type":"ListItem","position":1,"name":"Portada","item":"https:\/\/maxorata.es\/"},{"@type":"ListItem","position":2,"name":"Madrid Fusi\u00f3n 2020 con nuestros sabores de Fuerteventura"}]},{"@type":"WebSite","@id":"https:\/\/maxorata.es\/#website","url":"https:\/\/maxorata.es\/","name":"Maxorata","description":"Queso majorero y otros productos l\u00e1cteos del Grupo Ganaderos de Fuerteventura","publisher":{"@id":"https:\/\/maxorata.es\/#organization"},"potentialAction":[{"@type":"SearchAction","target":{"@type":"EntryPoint","urlTemplate":"https:\/\/maxorata.es\/?s={search_term_string}"},"query-input":{"@type":"PropertyValueSpecification","valueRequired":true,"valueName":"search_term_string"}}],"inLanguage":"en-GB"},{"@type":"Organization","@id":"https:\/\/maxorata.es\/#organization","name":"Grupo Ganaderos de Fuerteventura S.L","url":"https:\/\/maxorata.es\/","logo":{"@type":"ImageObject","inLanguage":"en-GB","@id":"https:\/\/maxorata.es\/#\/schema\/logo\/image\/","url":"https:\/\/maxorata.es\/wp-content\/uploads\/2018\/05\/logo.jpg","contentUrl":"https:\/\/maxorata.es\/wp-content\/uploads\/2018\/05\/logo.jpg","width":109,"height":77,"caption":"Grupo Ganaderos de Fuerteventura S.L"},"image":{"@id":"https:\/\/maxorata.es\/#\/schema\/logo\/image\/"}},{"@type":"Person","@id":"","url":"https:\/\/maxorata.es\/en\/blog\/author\/"}]}},"_links":{"self":[{"href":"https:\/\/maxorata.es\/en\/wp-json\/wp\/v2\/posts\/4602","targetHints":{"allow":["GET"]}}],"collection":[{"href":"https:\/\/maxorata.es\/en\/wp-json\/wp\/v2\/posts"}],"about":[{"href":"https:\/\/maxorata.es\/en\/wp-json\/wp\/v2\/types\/post"}],"author":[{"embeddable":true,"href":"https:\/\/maxorata.es\/en\/wp-json\/wp\/v2\/users\/1"}],"replies":[{"embeddable":true,"href":"https:\/\/maxorata.es\/en\/wp-json\/wp\/v2\/comments?post=4602"}],"version-history":[{"count":0,"href":"https:\/\/maxorata.es\/en\/wp-json\/wp\/v2\/posts\/4602\/revisions"}],"wp:featuredmedia":[{"embeddable":true,"href":"https:\/\/maxorata.es\/en\/wp-json\/wp\/v2\/media\/4604"}],"wp:attachment":[{"href":"https:\/\/maxorata.es\/en\/wp-json\/wp\/v2\/media?parent=4602"}],"wp:term":[{"taxonomy":"category","embeddable":true,"href":"https:\/\/maxorata.es\/en\/wp-json\/wp\/v2\/categories?post=4602"},{"taxonomy":"post_tag","embeddable":true,"href":"https:\/\/maxorata.es\/en\/wp-json\/wp\/v2\/tags?post=4602"}],"curies":[{"name":"wp","href":"https:\/\/api.w.org\/{rel}","templated":true}]}}