{"id":4653,"date":"2020-03-02T12:58:50","date_gmt":"2020-03-02T12:58:50","guid":{"rendered":"https:\/\/www.maxorata.es\/?p=4653"},"modified":"2020-03-02T13:07:55","modified_gmt":"2020-03-02T13:07:55","slug":"salon-du-fromage-2020","status":"publish","type":"post","link":"https:\/\/maxorata.es\/en\/blog\/salon-du-fromage-2020\/","title":{"rendered":"Salon du Fromage 2020: en Francia ya conocen nuestros quesos"},"content":{"rendered":"<p>Acabamos de llegar del <strong>\u00abSalon du Fromage 2020\u00bb, en Par\u00eds<\/strong>, donde estuvimos mostrando nuestros quesos a los franceses m\u00e1s <em>gourmets<\/em>. Venimos encantados de la gran acogida que hemos tenido.<\/p>\n<h2>Salon du Fromage 2020<\/h2>\n<p>Cada dos a\u00f1os, el \u00ab<a href=\"https:\/\/www.salon-fromage.com\/\" target=\"_blank\" rel=\"noopener noreferrer\">Sal\u00f3n del Queso y los Productos L\u00e1cteos<\/a>\u00bb re\u00fane a los profesionales del sector lechero en Par\u00eds, Francia. Hablamos de lecheros, queseros, restauradores, importadores y mayoristas, comercios que acuden para encontrarse con sus proveedores, es decir, productores de quesos y productos l\u00e1cteos, materiales y equipos para lecher\u00edas-queser\u00edas.\u00a0M\u00e1s de <strong>250 expositores<\/strong> y\u00a0<strong>8.000 compradores\u00a0<\/strong>de todo el mundo, reunidos\u00a0en torno a quesos y productos de calidad.<\/p>\n<p>Es por ello que, entre el 23 y el 26 de febrero, no pod\u00edamos faltar all\u00ed, presentando <strong>los distintos quesos del Grupo Ganaderos de Fuerteventura<\/strong>. Nos encontramos tambi\u00e9n con muchos buenos quesos franceses e italianos, pero el \u00abpa\u00eds de honor\u00bb de esta edici\u00f3n era Espa\u00f1a.<\/p>\n<p>https:\/\/www.instagram.com\/p\/B9CXpb9KkWW\/<\/p>\n<h3>En Francia, ya conocen en el queso majorero<\/h3>\n<p>La feria nos ha permitido conocer las tendencias y necesidades del mercado franc\u00e9s, identificar los principales distribuidores, <strong>empezar a dar a conocer <a href=\"https:\/\/maxorata.es\/elaboracion\/\" target=\"_blank\" rel=\"noopener noreferrer\">nuestro queso majorero<\/a><\/strong>. Los visitantes profesionales han podido descubrir <strong>l<\/strong><strong>as numerosas variedades de quesos y productos l\u00e1cteos espa\u00f1oles<\/strong> tanto en los stands de las empresas como durante las distintas presentaciones, eventos y degustaciones que ofrece el sal\u00f3n.<\/p>\n<p>En definitiva, <strong>el Salon du Fromage 2020 nos ayuda a prepararnos para dar el salto al pa\u00eds que m\u00e1s queso consume<\/strong> y produce del mundo. Es un paso muy importante, m\u00e1s ahora que la exportaci\u00f3n de quesos elaborados en Canarias se ha multiplicado hasta alcanzar las 670 toneladas, en 2018 (este es el \u00faltimo a\u00f1o del que hay datos por parte de la Viceconsejer\u00eda de Econom\u00eda e Internacionalizaci\u00f3n del Gobierno de Canarias). Esto es m\u00e1s del doble de lo que se exportaba en el a\u00f1o 2010.<\/p>\n<p><img loading=\"lazy\" decoding=\"async\" class=\"aligncenter wp-image-4656 size-large\" src=\"https:\/\/maxorata.es\/wp-content\/uploads\/2020\/03\/salon-del-queso-y-productos-lacteos-salon-du-fromage-2020-1024x638.jpg\" alt=\"\" width=\"1024\" height=\"638\" srcset=\"https:\/\/maxorata.es\/wp-content\/uploads\/2020\/03\/salon-del-queso-y-productos-lacteos-salon-du-fromage-2020-1024x638.jpg 1024w, https:\/\/maxorata.es\/wp-content\/uploads\/2020\/03\/salon-del-queso-y-productos-lacteos-salon-du-fromage-2020-300x187.jpg 300w, https:\/\/maxorata.es\/wp-content\/uploads\/2020\/03\/salon-del-queso-y-productos-lacteos-salon-du-fromage-2020-768x479.jpg 768w, https:\/\/maxorata.es\/wp-content\/uploads\/2020\/03\/salon-del-queso-y-productos-lacteos-salon-du-fromage-2020-150x94.jpg 150w, https:\/\/maxorata.es\/wp-content\/uploads\/2020\/03\/salon-del-queso-y-productos-lacteos-salon-du-fromage-2020-600x374.jpg 600w, https:\/\/maxorata.es\/wp-content\/uploads\/2020\/03\/salon-del-queso-y-productos-lacteos-salon-du-fromage-2020.jpg 1200w\" sizes=\"auto, (max-width: 1024px) 100vw, 1024px\" \/><\/p>\n<p>M\u00e1s informaci\u00f3n del Salon du Fromage: <a href=\"https:\/\/www.salon-fromage.com\/\" target=\"_blank\" rel=\"noopener noreferrer\">web<\/a> | <a href=\"https:\/\/twitter.com\/salondufromage\" target=\"_blank\" rel=\"noopener noreferrer\">Twitter<\/a><\/p>\n","protected":false},"excerpt":{"rendered":"<p>Acabamos de llegar del \u00abSalon du Fromage 2020\u00bb, en Par\u00eds, donde estuvimos mostrando nuestros quesos a los franceses m\u00e1s gourmets. Venimos encantados de la gran acogida que hemos tenido. Salon du Fromage 2020 Cada dos a\u00f1os, el \u00abSal\u00f3n del Queso y los Productos L\u00e1cteos\u00bb re\u00fane a los profesionales del sector lechero en Par\u00eds, Francia. Hablamos&hellip;<\/p>\n","protected":false},"author":1,"featured_media":4654,"comment_status":"closed","ping_status":"closed","sticky":false,"template":"","format":"standard","meta":{"footnotes":""},"categories":[167],"tags":[],"class_list":["post-4653","post","type-post","status-publish","format-standard","has-post-thumbnail","hentry","category-eventos","category-167","description-off"],"yoast_head":"<!-- This site is optimized with the Yoast SEO plugin v28.3 - https:\/\/yoast.com\/product\/yoast-seo-wordpress\/ -->\n<title>Salon du Fromage 2020: en Francia ya conocen nuestros quesos<\/title>\n<meta name=\"description\" content=\"Cada dos a\u00f1os, el \u00abSalon du Fromage\u00bb o \u00abSal\u00f3n del Queso y los Productos L\u00e1cteos\u00bb re\u00fane a los profesionales del sector lechero en Par\u00eds, Francia.\" \/>\n<meta name=\"robots\" content=\"index, follow, max-snippet:-1, max-image-preview:large, max-video-preview:-1\" \/>\n<link rel=\"canonical\" href=\"https:\/\/maxorata.es\/en\/blog\/salon-du-fromage-2020\/\" \/>\n<meta property=\"og:locale\" content=\"en_GB\" \/>\n<meta property=\"og:locale:alternate\" content=\"es_ES\" \/>\n<meta property=\"og:type\" content=\"article\" \/>\n<meta property=\"og:title\" content=\"Salon du Fromage 2020: en Francia ya conocen nuestros quesos\" \/>\n<meta property=\"og:description\" content=\"Cada dos a\u00f1os, el \u00abSalon du Fromage\u00bb o \u00abSal\u00f3n del Queso y los Productos L\u00e1cteos\u00bb re\u00fane a los profesionales del sector lechero en Par\u00eds, Francia.\" \/>\n<meta property=\"og:url\" content=\"https:\/\/maxorata.es\/en\/blog\/salon-du-fromage-2020\/\" \/>\n<meta property=\"og:site_name\" content=\"Maxorata\" \/>\n<meta property=\"article:published_time\" content=\"2020-03-02T12:58:50+00:00\" \/>\n<meta property=\"article:modified_time\" content=\"2020-03-02T13:07:55+00:00\" \/>\n<meta property=\"og:image\" content=\"https:\/\/maxorata.es\/wp-content\/uploads\/2020\/03\/salon-du-fromage-2020.jpg\" \/>\n\t<meta property=\"og:image:width\" content=\"1200\" \/>\n\t<meta property=\"og:image:height\" content=\"900\" \/>\n\t<meta property=\"og:image:type\" content=\"image\/jpeg\" \/>\n<meta name=\"twitter:card\" content=\"summary_large_image\" \/>\n<meta name=\"twitter:label1\" content=\"Written by\" \/>\n\t<meta name=\"twitter:data1\" content=\"\" \/>\n\t<meta name=\"twitter:label2\" content=\"Estimated reading time\" \/>\n\t<meta name=\"twitter:data2\" content=\"2 minutes\" \/>\n<script type=\"application\/ld+json\" class=\"yoast-schema-graph\">{\"@context\":\"https:\\\/\\\/schema.org\",\"@graph\":[{\"@type\":\"Article\",\"@id\":\"https:\\\/\\\/maxorata.es\\\/blog\\\/salon-du-fromage-2020\\\/#article\",\"isPartOf\":{\"@id\":\"https:\\\/\\\/maxorata.es\\\/blog\\\/salon-du-fromage-2020\\\/\"},\"author\":{\"name\":\"\",\"@id\":\"\"},\"headline\":\"Salon du Fromage 2020: en Francia ya conocen nuestros quesos\",\"datePublished\":\"2020-03-02T12:58:50+00:00\",\"dateModified\":\"2020-03-02T13:07:55+00:00\",\"mainEntityOfPage\":{\"@id\":\"https:\\\/\\\/maxorata.es\\\/blog\\\/salon-du-fromage-2020\\\/\"},\"wordCount\":351,\"publisher\":{\"@id\":\"https:\\\/\\\/maxorata.es\\\/#organization\"},\"image\":{\"@id\":\"https:\\\/\\\/maxorata.es\\\/blog\\\/salon-du-fromage-2020\\\/#primaryimage\"},\"thumbnailUrl\":\"https:\\\/\\\/maxorata.es\\\/wp-content\\\/uploads\\\/2020\\\/03\\\/salon-du-fromage-2020.jpg\",\"articleSection\":[\"Eventos\"],\"inLanguage\":\"en-GB\"},{\"@type\":\"WebPage\",\"@id\":\"https:\\\/\\\/maxorata.es\\\/blog\\\/salon-du-fromage-2020\\\/\",\"url\":\"https:\\\/\\\/maxorata.es\\\/blog\\\/salon-du-fromage-2020\\\/\",\"name\":\"Salon du Fromage 2020: en Francia ya conocen nuestros quesos\",\"isPartOf\":{\"@id\":\"https:\\\/\\\/maxorata.es\\\/#website\"},\"primaryImageOfPage\":{\"@id\":\"https:\\\/\\\/maxorata.es\\\/blog\\\/salon-du-fromage-2020\\\/#primaryimage\"},\"image\":{\"@id\":\"https:\\\/\\\/maxorata.es\\\/blog\\\/salon-du-fromage-2020\\\/#primaryimage\"},\"thumbnailUrl\":\"https:\\\/\\\/maxorata.es\\\/wp-content\\\/uploads\\\/2020\\\/03\\\/salon-du-fromage-2020.jpg\",\"datePublished\":\"2020-03-02T12:58:50+00:00\",\"dateModified\":\"2020-03-02T13:07:55+00:00\",\"description\":\"Cada dos a\u00f1os, el \u00abSalon du Fromage\u00bb o \u00abSal\u00f3n del Queso y los Productos L\u00e1cteos\u00bb re\u00fane a los profesionales del sector lechero en Par\u00eds, Francia.\",\"breadcrumb\":{\"@id\":\"https:\\\/\\\/maxorata.es\\\/blog\\\/salon-du-fromage-2020\\\/#breadcrumb\"},\"inLanguage\":\"en-GB\",\"potentialAction\":[{\"@type\":\"ReadAction\",\"target\":[\"https:\\\/\\\/maxorata.es\\\/blog\\\/salon-du-fromage-2020\\\/\"]}]},{\"@type\":\"ImageObject\",\"inLanguage\":\"en-GB\",\"@id\":\"https:\\\/\\\/maxorata.es\\\/blog\\\/salon-du-fromage-2020\\\/#primaryimage\",\"url\":\"https:\\\/\\\/maxorata.es\\\/wp-content\\\/uploads\\\/2020\\\/03\\\/salon-du-fromage-2020.jpg\",\"contentUrl\":\"https:\\\/\\\/maxorata.es\\\/wp-content\\\/uploads\\\/2020\\\/03\\\/salon-du-fromage-2020.jpg\",\"width\":1200,\"height\":900,\"caption\":\"Salon du Fromage o Sal\u00f3n del Queso y los Productos L\u00e1cteos 2020\"},{\"@type\":\"BreadcrumbList\",\"@id\":\"https:\\\/\\\/maxorata.es\\\/blog\\\/salon-du-fromage-2020\\\/#breadcrumb\",\"itemListElement\":[{\"@type\":\"ListItem\",\"position\":1,\"name\":\"Portada\",\"item\":\"https:\\\/\\\/maxorata.es\\\/\"},{\"@type\":\"ListItem\",\"position\":2,\"name\":\"Salon du Fromage 2020: en Francia ya conocen nuestros quesos\"}]},{\"@type\":\"WebSite\",\"@id\":\"https:\\\/\\\/maxorata.es\\\/#website\",\"url\":\"https:\\\/\\\/maxorata.es\\\/\",\"name\":\"Maxorata\",\"description\":\"Queso majorero y otros productos l\u00e1cteos del Grupo Ganaderos de Fuerteventura\",\"publisher\":{\"@id\":\"https:\\\/\\\/maxorata.es\\\/#organization\"},\"potentialAction\":[{\"@type\":\"SearchAction\",\"target\":{\"@type\":\"EntryPoint\",\"urlTemplate\":\"https:\\\/\\\/maxorata.es\\\/?s={search_term_string}\"},\"query-input\":{\"@type\":\"PropertyValueSpecification\",\"valueRequired\":true,\"valueName\":\"search_term_string\"}}],\"inLanguage\":\"en-GB\"},{\"@type\":\"Organization\",\"@id\":\"https:\\\/\\\/maxorata.es\\\/#organization\",\"name\":\"Grupo Ganaderos de Fuerteventura S.L\",\"url\":\"https:\\\/\\\/maxorata.es\\\/\",\"logo\":{\"@type\":\"ImageObject\",\"inLanguage\":\"en-GB\",\"@id\":\"https:\\\/\\\/maxorata.es\\\/#\\\/schema\\\/logo\\\/image\\\/\",\"url\":\"https:\\\/\\\/maxorata.es\\\/wp-content\\\/uploads\\\/2018\\\/05\\\/logo.jpg\",\"contentUrl\":\"https:\\\/\\\/maxorata.es\\\/wp-content\\\/uploads\\\/2018\\\/05\\\/logo.jpg\",\"width\":109,\"height\":77,\"caption\":\"Grupo Ganaderos de Fuerteventura S.L\"},\"image\":{\"@id\":\"https:\\\/\\\/maxorata.es\\\/#\\\/schema\\\/logo\\\/image\\\/\"}},{\"@type\":\"Person\",\"@id\":\"\",\"url\":\"https:\\\/\\\/maxorata.es\\\/en\\\/blog\\\/author\\\/\"}]}<\/script>\n<!-- \/ Yoast SEO plugin. -->","yoast_head_json":{"title":"Salon du Fromage 2020: en Francia ya conocen nuestros quesos","description":"Cada dos a\u00f1os, el \u00abSalon du Fromage\u00bb o \u00abSal\u00f3n del Queso y los Productos L\u00e1cteos\u00bb re\u00fane a los profesionales del sector lechero en Par\u00eds, Francia.","robots":{"index":"index","follow":"follow","max-snippet":"max-snippet:-1","max-image-preview":"max-image-preview:large","max-video-preview":"max-video-preview:-1"},"canonical":"https:\/\/maxorata.es\/en\/blog\/salon-du-fromage-2020\/","og_locale":"en_GB","og_type":"article","og_title":"[:es]Salon du Fromage 2020: en Francia ya conocen nuestros quesos[:] - Maxorata","og_description":"Cada dos a\u00f1os, el \u00abSalon du Fromage\u00bb o \u00abSal\u00f3n del Queso y los Productos L\u00e1cteos\u00bb re\u00fane a los profesionales del sector lechero en Par\u00eds, Francia.","og_url":"https:\/\/maxorata.es\/en\/blog\/salon-du-fromage-2020\/","og_site_name":"Maxorata","article_published_time":"2020-03-02T12:58:50+00:00","article_modified_time":"2020-03-02T13:07:55+00:00","og_image":[{"width":1200,"height":900,"url":"https:\/\/maxorata.es\/wp-content\/uploads\/2020\/03\/salon-du-fromage-2020.jpg","type":"image\/jpeg"}],"twitter_card":"summary_large_image","twitter_misc":{"Written by":"","Estimated reading time":"2 minutes"},"schema":{"@context":"https:\/\/schema.org","@graph":[{"@type":"Article","@id":"https:\/\/maxorata.es\/blog\/salon-du-fromage-2020\/#article","isPartOf":{"@id":"https:\/\/maxorata.es\/blog\/salon-du-fromage-2020\/"},"author":{"name":"","@id":""},"headline":"Salon du Fromage 2020: en Francia ya conocen nuestros quesos","datePublished":"2020-03-02T12:58:50+00:00","dateModified":"2020-03-02T13:07:55+00:00","mainEntityOfPage":{"@id":"https:\/\/maxorata.es\/blog\/salon-du-fromage-2020\/"},"wordCount":351,"publisher":{"@id":"https:\/\/maxorata.es\/#organization"},"image":{"@id":"https:\/\/maxorata.es\/blog\/salon-du-fromage-2020\/#primaryimage"},"thumbnailUrl":"https:\/\/maxorata.es\/wp-content\/uploads\/2020\/03\/salon-du-fromage-2020.jpg","articleSection":["Eventos"],"inLanguage":"en-GB"},{"@type":"WebPage","@id":"https:\/\/maxorata.es\/blog\/salon-du-fromage-2020\/","url":"https:\/\/maxorata.es\/blog\/salon-du-fromage-2020\/","name":"Salon du Fromage 2020: en Francia ya conocen nuestros quesos","isPartOf":{"@id":"https:\/\/maxorata.es\/#website"},"primaryImageOfPage":{"@id":"https:\/\/maxorata.es\/blog\/salon-du-fromage-2020\/#primaryimage"},"image":{"@id":"https:\/\/maxorata.es\/blog\/salon-du-fromage-2020\/#primaryimage"},"thumbnailUrl":"https:\/\/maxorata.es\/wp-content\/uploads\/2020\/03\/salon-du-fromage-2020.jpg","datePublished":"2020-03-02T12:58:50+00:00","dateModified":"2020-03-02T13:07:55+00:00","description":"Cada dos a\u00f1os, el \u00abSalon du Fromage\u00bb o \u00abSal\u00f3n del Queso y los Productos L\u00e1cteos\u00bb re\u00fane a los profesionales del sector lechero en Par\u00eds, Francia.","breadcrumb":{"@id":"https:\/\/maxorata.es\/blog\/salon-du-fromage-2020\/#breadcrumb"},"inLanguage":"en-GB","potentialAction":[{"@type":"ReadAction","target":["https:\/\/maxorata.es\/blog\/salon-du-fromage-2020\/"]}]},{"@type":"ImageObject","inLanguage":"en-GB","@id":"https:\/\/maxorata.es\/blog\/salon-du-fromage-2020\/#primaryimage","url":"https:\/\/maxorata.es\/wp-content\/uploads\/2020\/03\/salon-du-fromage-2020.jpg","contentUrl":"https:\/\/maxorata.es\/wp-content\/uploads\/2020\/03\/salon-du-fromage-2020.jpg","width":1200,"height":900,"caption":"Salon du Fromage o Sal\u00f3n del Queso y los Productos L\u00e1cteos 2020"},{"@type":"BreadcrumbList","@id":"https:\/\/maxorata.es\/blog\/salon-du-fromage-2020\/#breadcrumb","itemListElement":[{"@type":"ListItem","position":1,"name":"Portada","item":"https:\/\/maxorata.es\/"},{"@type":"ListItem","position":2,"name":"Salon du Fromage 2020: en Francia ya conocen nuestros quesos"}]},{"@type":"WebSite","@id":"https:\/\/maxorata.es\/#website","url":"https:\/\/maxorata.es\/","name":"Maxorata","description":"Queso majorero y otros productos l\u00e1cteos del Grupo Ganaderos de Fuerteventura","publisher":{"@id":"https:\/\/maxorata.es\/#organization"},"potentialAction":[{"@type":"SearchAction","target":{"@type":"EntryPoint","urlTemplate":"https:\/\/maxorata.es\/?s={search_term_string}"},"query-input":{"@type":"PropertyValueSpecification","valueRequired":true,"valueName":"search_term_string"}}],"inLanguage":"en-GB"},{"@type":"Organization","@id":"https:\/\/maxorata.es\/#organization","name":"Grupo Ganaderos de Fuerteventura S.L","url":"https:\/\/maxorata.es\/","logo":{"@type":"ImageObject","inLanguage":"en-GB","@id":"https:\/\/maxorata.es\/#\/schema\/logo\/image\/","url":"https:\/\/maxorata.es\/wp-content\/uploads\/2018\/05\/logo.jpg","contentUrl":"https:\/\/maxorata.es\/wp-content\/uploads\/2018\/05\/logo.jpg","width":109,"height":77,"caption":"Grupo Ganaderos de Fuerteventura S.L"},"image":{"@id":"https:\/\/maxorata.es\/#\/schema\/logo\/image\/"}},{"@type":"Person","@id":"","url":"https:\/\/maxorata.es\/en\/blog\/author\/"}]}},"_links":{"self":[{"href":"https:\/\/maxorata.es\/en\/wp-json\/wp\/v2\/posts\/4653","targetHints":{"allow":["GET"]}}],"collection":[{"href":"https:\/\/maxorata.es\/en\/wp-json\/wp\/v2\/posts"}],"about":[{"href":"https:\/\/maxorata.es\/en\/wp-json\/wp\/v2\/types\/post"}],"author":[{"embeddable":true,"href":"https:\/\/maxorata.es\/en\/wp-json\/wp\/v2\/users\/1"}],"replies":[{"embeddable":true,"href":"https:\/\/maxorata.es\/en\/wp-json\/wp\/v2\/comments?post=4653"}],"version-history":[{"count":0,"href":"https:\/\/maxorata.es\/en\/wp-json\/wp\/v2\/posts\/4653\/revisions"}],"wp:featuredmedia":[{"embeddable":true,"href":"https:\/\/maxorata.es\/en\/wp-json\/wp\/v2\/media\/4654"}],"wp:attachment":[{"href":"https:\/\/maxorata.es\/en\/wp-json\/wp\/v2\/media?parent=4653"}],"wp:term":[{"taxonomy":"category","embeddable":true,"href":"https:\/\/maxorata.es\/en\/wp-json\/wp\/v2\/categories?post=4653"},{"taxonomy":"post_tag","embeddable":true,"href":"https:\/\/maxorata.es\/en\/wp-json\/wp\/v2\/tags?post=4653"}],"curies":[{"name":"wp","href":"https:\/\/api.w.org\/{rel}","templated":true}]}}