{"id":4851,"date":"2020-06-30T09:08:54","date_gmt":"2020-06-30T09:08:54","guid":{"rendered":"https:\/\/www.maxorata.es\/?p=4851"},"modified":"2020-11-05T20:41:51","modified_gmt":"2020-11-05T20:41:51","slug":"chef-ale-de-la-nuez-recetas-queso","status":"publish","type":"post","link":"https:\/\/maxorata.es\/en\/blog\/chef-ale-de-la-nuez-recetas-queso\/","title":{"rendered":"El chef Ale de la Nuez comparte sus mejores recetas con queso para que las prepares en casa"},"content":{"rendered":"<p>\u00a1Otro lujo! El <strong>chef Ale de la Nuez<\/strong> se une a la serie de recetas con queso de nuestra web, &#8216;Alta cocina con queso&#8217;, que inici\u00e1ramos con el <a href=\"https:\/\/maxorata.es\/chef-jose-rojano\/\" target=\"_blank\" rel=\"noopener noreferrer\">tambi\u00e9n reconocido chef Jos\u00e9 Rojano<\/a>. Con la incorporaci\u00f3n de recetas del actual <a href=\"https:\/\/www.santamonicasuiteshotel.com\/servicios\/\" target=\"_blank\" rel=\"noopener noreferrer\">Chef Ejecutivo del Santa M\u00f3nica Suites Hotel<\/a>, ampliamos la oferta de platos para que aprendas y para que disfrutes en tu casa con nuevas ideas.<\/p>\n<p>Por ahora, tenemos colgadas algunas recetas, <a href=\"https:\/\/maxorata.es\/chef-ale-de-la-nuez\/\">clasificadas en Entrantes, Principales y Postres<\/a>, pero seguir\u00e1n llegando muchas m\u00e1s de sus sabrosas creaciones.<\/p>\n<h2>Ale de la Nuez es Chef Ejecutivo de <strong>Santa M\u00f3nica Suites Hotel<\/strong><\/h2>\n<p>Este aut\u00e9ntico enamorado de Gran Canaria, isla en donde naci\u00f3, cuenta con una amplia formaci\u00f3n profesional. Ale de la Nuez es diplomado en Turismo, Restauraci\u00f3n y Gastronom\u00eda, conocimientos a los que suma su larga formaci\u00f3n financiera. En 2011, da el salto definitivo y decide dedicarse de lleno a su pasi\u00f3n, la gastronom\u00eda y la restauraci\u00f3n, ampliando su formaci\u00f3n en <em>Hotel Escuela de Santa Brigida<\/em>.<\/p>\n<p>A partir de ah\u00ed, comienza su andadura en establecimientos como <a href=\"https:\/\/www.ritzcarlton.com\/es\/hotels\/spain\/abama\" target=\"_blank\" rel=\"noopener noreferrer\">Abama Ritz Carlton<\/a>, en Tenerife, o <strong><em>Sheraton Salobre Golf<\/em><\/strong>, en Gran Canaria. Fue tambi\u00e9n gerente del restaurante La Butaca (Las Palmas de Gran Canaria).<\/p>\n<p>Tras pasar por las cocinas de <em><strong>Felo Botello o \u00c1ngel Palacios<\/strong><\/em>, el AC Hotels, en Las Palmas de Gran Canaria, fue <strong>su primer gran reto como responsable de cocina de hotel. <\/strong><\/p>\n<p>En la actualidad, es C<strong>hef Ejecutivo del renovado Santa M\u00f3nica Suites Hotel<\/strong>, establecimiento hotelero ubicado en la Playa del Ingl\u00e9s, a los pies de las Dunas.<\/p>\n<h3>Premios y distinciones<\/h3>\n<p>Ale de la Nuez se confiesa un obsesionado del detalle y piensa que hay que anticiparse a los deseos del cliente y del comensal. En sus platos se reflejan los antiguos fogones canarios y su producto, con toques de cocina moderna, de fusi\u00f3n y creativa.<\/p>\n<p>Este joven chef ha sido ganador del XII Encuentro regional de cocineros canarios en la Palma-Ruta del Gallo, donde elabor\u00f3 los platos costillas con papas de cochino negro y gazpacho de berros. Sus Nuggets de tollos y pur\u00e9 de boniato le valieron tambi\u00e9n un segundo puesto en el encuentro Paisajes Gastron\u00f3micos, en Garachico. c<\/p>\n<p>El chef grancanario fue ponente en el primer <em>showcooking<\/em> de <em>Gran Canaria Gourmet<\/em>, con un men\u00fa elaborado con productos de Gran Canaria, <a href=\"https:\/\/saborealanzarote.org\/\" target=\"_blank\" rel=\"noopener noreferrer\">as\u00ed como en Saborea Lanzarote<\/a>, donde present\u00f3 su Carpaccio de Cherne &#8211; Sancocho en fr\u00edo.<\/p>\n<h3>Redes sociales<\/h3>\n<p>Aunque Ale de la Nuez es muy de &#8220;la vida en directo&#8221;, lo puedes seguir tambi\u00e9n en sus redes sociales: <a href=\"https:\/\/www.facebook.com\/aledelanuezchef\/\">Facebook<\/a> e <a href=\"https:\/\/www.instagram.com\/aledelanuezchef\/\">Instagram<\/a>.<\/p>\n<p><img loading=\"lazy\" decoding=\"async\" class=\"aligncenter wp-image-4855 size-full\" src=\"https:\/\/maxorata.es\/wp-content\/uploads\/2020\/06\/chef-ale-de-la-nuez-gran-canaria.jpg\" alt=\"Ale de la Nuez chef\" width=\"576\" height=\"889\" srcset=\"https:\/\/maxorata.es\/wp-content\/uploads\/2020\/06\/chef-ale-de-la-nuez-gran-canaria.jpg 576w, https:\/\/maxorata.es\/wp-content\/uploads\/2020\/06\/chef-ale-de-la-nuez-gran-canaria-194x300.jpg 194w, https:\/\/maxorata.es\/wp-content\/uploads\/2020\/06\/chef-ale-de-la-nuez-gran-canaria-150x232.jpg 150w\" sizes=\"auto, (max-width: 576px) 100vw, 576px\" \/><\/p>\n","protected":false},"excerpt":{"rendered":"<p>\u00a1Otro lujo! El chef Ale de la Nuez se une a la serie de recetas con queso de nuestra web, &#8216;Alta cocina con queso&#8217;, que inici\u00e1ramos con el tambi\u00e9n reconocido chef Jos\u00e9 Rojano. Con la incorporaci\u00f3n de recetas del actual Chef Ejecutivo del Santa M\u00f3nica Suites Hotel, ampliamos la oferta de platos para que aprendas&hellip;<\/p>\n","protected":false},"author":1,"featured_media":4853,"comment_status":"closed","ping_status":"closed","sticky":false,"template":"","format":"standard","meta":{"footnotes":""},"categories":[42,43],"tags":[198,163],"class_list":["post-4851","post","type-post","status-publish","format-standard","has-post-thumbnail","hentry","category-noticias","category-recetas","tag-chef-ale-de-la-nuez","tag-recetas","category-42","category-43","description-off"],"yoast_head":"<!-- This site is optimized with the Yoast SEO plugin v28.3 - https:\/\/yoast.com\/product\/yoast-seo-wordpress\/ -->\n<title>El chef Ale de la Nuez comparte sus mejores recetas con queso para que las prepares en casa<\/title>\n<meta name=\"description\" content=\"El chef Ale de la Nuez se une a la serie de recetas con queso de nuestra web que inici\u00e1ramos con el tambi\u00e9n reconocido chef Jos\u00e9 Rojano.\" \/>\n<meta name=\"robots\" content=\"index, follow, max-snippet:-1, max-image-preview:large, max-video-preview:-1\" \/>\n<link rel=\"canonical\" href=\"https:\/\/maxorata.es\/en\/blog\/chef-ale-de-la-nuez-recetas-queso\/\" \/>\n<meta property=\"og:locale\" content=\"en_GB\" \/>\n<meta property=\"og:locale:alternate\" content=\"es_ES\" \/>\n<meta property=\"og:type\" content=\"article\" \/>\n<meta property=\"og:title\" content=\"El chef Ale de la Nuez comparte sus mejores recetas con queso para que las prepares en casa\" \/>\n<meta property=\"og:description\" content=\"El chef Ale de la Nuez se une a la serie de recetas con queso de nuestra web que inici\u00e1ramos con el tambi\u00e9n reconocido chef Jos\u00e9 Rojano.\" \/>\n<meta property=\"og:url\" content=\"https:\/\/maxorata.es\/en\/blog\/chef-ale-de-la-nuez-recetas-queso\/\" \/>\n<meta property=\"og:site_name\" content=\"Maxorata\" \/>\n<meta property=\"article:published_time\" content=\"2020-06-30T09:08:54+00:00\" \/>\n<meta property=\"article:modified_time\" content=\"2020-11-05T20:41:51+00:00\" \/>\n<meta property=\"og:image\" content=\"https:\/\/maxorata.es\/wp-content\/uploads\/2020\/06\/Chef-Ale-de-la-Nuez.jpg\" \/>\n\t<meta property=\"og:image:width\" content=\"814\" \/>\n\t<meta property=\"og:image:height\" content=\"455\" \/>\n\t<meta property=\"og:image:type\" content=\"image\/jpeg\" \/>\n<meta name=\"twitter:card\" content=\"summary_large_image\" \/>\n<meta name=\"twitter:label1\" content=\"Written by\" \/>\n\t<meta name=\"twitter:data1\" content=\"\" \/>\n\t<meta name=\"twitter:label2\" content=\"Estimated reading time\" \/>\n\t<meta name=\"twitter:data2\" content=\"2 minutes\" \/>\n<script type=\"application\/ld+json\" class=\"yoast-schema-graph\">{\"@context\":\"https:\\\/\\\/schema.org\",\"@graph\":[{\"@type\":\"Article\",\"@id\":\"https:\\\/\\\/maxorata.es\\\/blog\\\/chef-ale-de-la-nuez-recetas-queso\\\/#article\",\"isPartOf\":{\"@id\":\"https:\\\/\\\/maxorata.es\\\/blog\\\/chef-ale-de-la-nuez-recetas-queso\\\/\"},\"author\":{\"name\":\"\",\"@id\":\"\"},\"headline\":\"El chef Ale de la Nuez comparte sus mejores recetas con queso para que las prepares en casa\",\"datePublished\":\"2020-06-30T09:08:54+00:00\",\"dateModified\":\"2020-11-05T20:41:51+00:00\",\"mainEntityOfPage\":{\"@id\":\"https:\\\/\\\/maxorata.es\\\/blog\\\/chef-ale-de-la-nuez-recetas-queso\\\/\"},\"wordCount\":460,\"publisher\":{\"@id\":\"https:\\\/\\\/maxorata.es\\\/#organization\"},\"image\":{\"@id\":\"https:\\\/\\\/maxorata.es\\\/blog\\\/chef-ale-de-la-nuez-recetas-queso\\\/#primaryimage\"},\"thumbnailUrl\":\"https:\\\/\\\/maxorata.es\\\/wp-content\\\/uploads\\\/2020\\\/06\\\/Chef-Ale-de-la-Nuez.jpg\",\"keywords\":[\"Chef Ale de la Nuez\",\"Recetas\"],\"articleSection\":[\"Noticias\",\"Recetas\"],\"inLanguage\":\"en-GB\"},{\"@type\":\"WebPage\",\"@id\":\"https:\\\/\\\/maxorata.es\\\/blog\\\/chef-ale-de-la-nuez-recetas-queso\\\/\",\"url\":\"https:\\\/\\\/maxorata.es\\\/blog\\\/chef-ale-de-la-nuez-recetas-queso\\\/\",\"name\":\"El chef Ale de la Nuez comparte sus mejores recetas con queso para que las prepares en casa\",\"isPartOf\":{\"@id\":\"https:\\\/\\\/maxorata.es\\\/#website\"},\"primaryImageOfPage\":{\"@id\":\"https:\\\/\\\/maxorata.es\\\/blog\\\/chef-ale-de-la-nuez-recetas-queso\\\/#primaryimage\"},\"image\":{\"@id\":\"https:\\\/\\\/maxorata.es\\\/blog\\\/chef-ale-de-la-nuez-recetas-queso\\\/#primaryimage\"},\"thumbnailUrl\":\"https:\\\/\\\/maxorata.es\\\/wp-content\\\/uploads\\\/2020\\\/06\\\/Chef-Ale-de-la-Nuez.jpg\",\"datePublished\":\"2020-06-30T09:08:54+00:00\",\"dateModified\":\"2020-11-05T20:41:51+00:00\",\"description\":\"El chef Ale de la Nuez se une a la serie de recetas con queso de nuestra web que inici\u00e1ramos con el tambi\u00e9n reconocido chef Jos\u00e9 Rojano.\",\"breadcrumb\":{\"@id\":\"https:\\\/\\\/maxorata.es\\\/blog\\\/chef-ale-de-la-nuez-recetas-queso\\\/#breadcrumb\"},\"inLanguage\":\"en-GB\",\"potentialAction\":[{\"@type\":\"ReadAction\",\"target\":[\"https:\\\/\\\/maxorata.es\\\/blog\\\/chef-ale-de-la-nuez-recetas-queso\\\/\"]}]},{\"@type\":\"ImageObject\",\"inLanguage\":\"en-GB\",\"@id\":\"https:\\\/\\\/maxorata.es\\\/blog\\\/chef-ale-de-la-nuez-recetas-queso\\\/#primaryimage\",\"url\":\"https:\\\/\\\/maxorata.es\\\/wp-content\\\/uploads\\\/2020\\\/06\\\/Chef-Ale-de-la-Nuez.jpg\",\"contentUrl\":\"https:\\\/\\\/maxorata.es\\\/wp-content\\\/uploads\\\/2020\\\/06\\\/Chef-Ale-de-la-Nuez.jpg\",\"width\":814,\"height\":455,\"caption\":\"Recetas con queso del Chef Ale de la Nuez\"},{\"@type\":\"BreadcrumbList\",\"@id\":\"https:\\\/\\\/maxorata.es\\\/blog\\\/chef-ale-de-la-nuez-recetas-queso\\\/#breadcrumb\",\"itemListElement\":[{\"@type\":\"ListItem\",\"position\":1,\"name\":\"Portada\",\"item\":\"https:\\\/\\\/maxorata.es\\\/\"},{\"@type\":\"ListItem\",\"position\":2,\"name\":\"El chef Ale de la Nuez comparte sus mejores recetas con queso para que las prepares en casa\"}]},{\"@type\":\"WebSite\",\"@id\":\"https:\\\/\\\/maxorata.es\\\/#website\",\"url\":\"https:\\\/\\\/maxorata.es\\\/\",\"name\":\"Maxorata\",\"description\":\"Queso majorero y otros productos l\u00e1cteos del Grupo Ganaderos de Fuerteventura\",\"publisher\":{\"@id\":\"https:\\\/\\\/maxorata.es\\\/#organization\"},\"potentialAction\":[{\"@type\":\"SearchAction\",\"target\":{\"@type\":\"EntryPoint\",\"urlTemplate\":\"https:\\\/\\\/maxorata.es\\\/?s={search_term_string}\"},\"query-input\":{\"@type\":\"PropertyValueSpecification\",\"valueRequired\":true,\"valueName\":\"search_term_string\"}}],\"inLanguage\":\"en-GB\"},{\"@type\":\"Organization\",\"@id\":\"https:\\\/\\\/maxorata.es\\\/#organization\",\"name\":\"Grupo Ganaderos de Fuerteventura S.L\",\"url\":\"https:\\\/\\\/maxorata.es\\\/\",\"logo\":{\"@type\":\"ImageObject\",\"inLanguage\":\"en-GB\",\"@id\":\"https:\\\/\\\/maxorata.es\\\/#\\\/schema\\\/logo\\\/image\\\/\",\"url\":\"https:\\\/\\\/maxorata.es\\\/wp-content\\\/uploads\\\/2018\\\/05\\\/logo.jpg\",\"contentUrl\":\"https:\\\/\\\/maxorata.es\\\/wp-content\\\/uploads\\\/2018\\\/05\\\/logo.jpg\",\"width\":109,\"height\":77,\"caption\":\"Grupo Ganaderos de Fuerteventura S.L\"},\"image\":{\"@id\":\"https:\\\/\\\/maxorata.es\\\/#\\\/schema\\\/logo\\\/image\\\/\"}},{\"@type\":\"Person\",\"@id\":\"\",\"url\":\"https:\\\/\\\/maxorata.es\\\/en\\\/blog\\\/author\\\/\"}]}<\/script>\n<!-- \/ Yoast SEO plugin. -->","yoast_head_json":{"title":"El chef Ale de la Nuez comparte sus mejores recetas con queso para que las prepares en casa","description":"El chef Ale de la Nuez se une a la serie de recetas con queso de nuestra web que inici\u00e1ramos con el tambi\u00e9n reconocido chef Jos\u00e9 Rojano.","robots":{"index":"index","follow":"follow","max-snippet":"max-snippet:-1","max-image-preview":"max-image-preview:large","max-video-preview":"max-video-preview:-1"},"canonical":"https:\/\/maxorata.es\/en\/blog\/chef-ale-de-la-nuez-recetas-queso\/","og_locale":"en_GB","og_type":"article","og_title":"[:es]El chef Ale de la Nuez comparte sus mejores recetas con queso para que las prepares en casa[:] - Maxorata","og_description":"El chef Ale de la Nuez se une a la serie de recetas con queso de nuestra web que inici\u00e1ramos con el tambi\u00e9n reconocido chef Jos\u00e9 Rojano.","og_url":"https:\/\/maxorata.es\/en\/blog\/chef-ale-de-la-nuez-recetas-queso\/","og_site_name":"Maxorata","article_published_time":"2020-06-30T09:08:54+00:00","article_modified_time":"2020-11-05T20:41:51+00:00","og_image":[{"width":814,"height":455,"url":"https:\/\/maxorata.es\/wp-content\/uploads\/2020\/06\/Chef-Ale-de-la-Nuez.jpg","type":"image\/jpeg"}],"twitter_card":"summary_large_image","twitter_misc":{"Written by":"","Estimated reading time":"2 minutes"},"schema":{"@context":"https:\/\/schema.org","@graph":[{"@type":"Article","@id":"https:\/\/maxorata.es\/blog\/chef-ale-de-la-nuez-recetas-queso\/#article","isPartOf":{"@id":"https:\/\/maxorata.es\/blog\/chef-ale-de-la-nuez-recetas-queso\/"},"author":{"name":"","@id":""},"headline":"El chef Ale de la Nuez comparte sus mejores recetas con queso para que las prepares en casa","datePublished":"2020-06-30T09:08:54+00:00","dateModified":"2020-11-05T20:41:51+00:00","mainEntityOfPage":{"@id":"https:\/\/maxorata.es\/blog\/chef-ale-de-la-nuez-recetas-queso\/"},"wordCount":460,"publisher":{"@id":"https:\/\/maxorata.es\/#organization"},"image":{"@id":"https:\/\/maxorata.es\/blog\/chef-ale-de-la-nuez-recetas-queso\/#primaryimage"},"thumbnailUrl":"https:\/\/maxorata.es\/wp-content\/uploads\/2020\/06\/Chef-Ale-de-la-Nuez.jpg","keywords":["Chef Ale de la Nuez","Recetas"],"articleSection":["Noticias","Recetas"],"inLanguage":"en-GB"},{"@type":"WebPage","@id":"https:\/\/maxorata.es\/blog\/chef-ale-de-la-nuez-recetas-queso\/","url":"https:\/\/maxorata.es\/blog\/chef-ale-de-la-nuez-recetas-queso\/","name":"El chef Ale de la Nuez comparte sus mejores recetas con queso para que las prepares en casa","isPartOf":{"@id":"https:\/\/maxorata.es\/#website"},"primaryImageOfPage":{"@id":"https:\/\/maxorata.es\/blog\/chef-ale-de-la-nuez-recetas-queso\/#primaryimage"},"image":{"@id":"https:\/\/maxorata.es\/blog\/chef-ale-de-la-nuez-recetas-queso\/#primaryimage"},"thumbnailUrl":"https:\/\/maxorata.es\/wp-content\/uploads\/2020\/06\/Chef-Ale-de-la-Nuez.jpg","datePublished":"2020-06-30T09:08:54+00:00","dateModified":"2020-11-05T20:41:51+00:00","description":"El chef Ale de la Nuez se une a la serie de recetas con queso de nuestra web que inici\u00e1ramos con el tambi\u00e9n reconocido chef Jos\u00e9 Rojano.","breadcrumb":{"@id":"https:\/\/maxorata.es\/blog\/chef-ale-de-la-nuez-recetas-queso\/#breadcrumb"},"inLanguage":"en-GB","potentialAction":[{"@type":"ReadAction","target":["https:\/\/maxorata.es\/blog\/chef-ale-de-la-nuez-recetas-queso\/"]}]},{"@type":"ImageObject","inLanguage":"en-GB","@id":"https:\/\/maxorata.es\/blog\/chef-ale-de-la-nuez-recetas-queso\/#primaryimage","url":"https:\/\/maxorata.es\/wp-content\/uploads\/2020\/06\/Chef-Ale-de-la-Nuez.jpg","contentUrl":"https:\/\/maxorata.es\/wp-content\/uploads\/2020\/06\/Chef-Ale-de-la-Nuez.jpg","width":814,"height":455,"caption":"Recetas con queso del Chef Ale de la Nuez"},{"@type":"BreadcrumbList","@id":"https:\/\/maxorata.es\/blog\/chef-ale-de-la-nuez-recetas-queso\/#breadcrumb","itemListElement":[{"@type":"ListItem","position":1,"name":"Portada","item":"https:\/\/maxorata.es\/"},{"@type":"ListItem","position":2,"name":"El chef Ale de la Nuez comparte sus mejores recetas con queso para que las prepares en casa"}]},{"@type":"WebSite","@id":"https:\/\/maxorata.es\/#website","url":"https:\/\/maxorata.es\/","name":"Maxorata","description":"Queso majorero y otros productos l\u00e1cteos del Grupo Ganaderos de Fuerteventura","publisher":{"@id":"https:\/\/maxorata.es\/#organization"},"potentialAction":[{"@type":"SearchAction","target":{"@type":"EntryPoint","urlTemplate":"https:\/\/maxorata.es\/?s={search_term_string}"},"query-input":{"@type":"PropertyValueSpecification","valueRequired":true,"valueName":"search_term_string"}}],"inLanguage":"en-GB"},{"@type":"Organization","@id":"https:\/\/maxorata.es\/#organization","name":"Grupo Ganaderos de Fuerteventura S.L","url":"https:\/\/maxorata.es\/","logo":{"@type":"ImageObject","inLanguage":"en-GB","@id":"https:\/\/maxorata.es\/#\/schema\/logo\/image\/","url":"https:\/\/maxorata.es\/wp-content\/uploads\/2018\/05\/logo.jpg","contentUrl":"https:\/\/maxorata.es\/wp-content\/uploads\/2018\/05\/logo.jpg","width":109,"height":77,"caption":"Grupo Ganaderos de Fuerteventura S.L"},"image":{"@id":"https:\/\/maxorata.es\/#\/schema\/logo\/image\/"}},{"@type":"Person","@id":"","url":"https:\/\/maxorata.es\/en\/blog\/author\/"}]}},"_links":{"self":[{"href":"https:\/\/maxorata.es\/en\/wp-json\/wp\/v2\/posts\/4851","targetHints":{"allow":["GET"]}}],"collection":[{"href":"https:\/\/maxorata.es\/en\/wp-json\/wp\/v2\/posts"}],"about":[{"href":"https:\/\/maxorata.es\/en\/wp-json\/wp\/v2\/types\/post"}],"author":[{"embeddable":true,"href":"https:\/\/maxorata.es\/en\/wp-json\/wp\/v2\/users\/1"}],"replies":[{"embeddable":true,"href":"https:\/\/maxorata.es\/en\/wp-json\/wp\/v2\/comments?post=4851"}],"version-history":[{"count":0,"href":"https:\/\/maxorata.es\/en\/wp-json\/wp\/v2\/posts\/4851\/revisions"}],"wp:featuredmedia":[{"embeddable":true,"href":"https:\/\/maxorata.es\/en\/wp-json\/wp\/v2\/media\/4853"}],"wp:attachment":[{"href":"https:\/\/maxorata.es\/en\/wp-json\/wp\/v2\/media?parent=4851"}],"wp:term":[{"taxonomy":"category","embeddable":true,"href":"https:\/\/maxorata.es\/en\/wp-json\/wp\/v2\/categories?post=4851"},{"taxonomy":"post_tag","embeddable":true,"href":"https:\/\/maxorata.es\/en\/wp-json\/wp\/v2\/tags?post=4851"}],"curies":[{"name":"wp","href":"https:\/\/api.w.org\/{rel}","templated":true}]}}