{"id":5098,"date":"2021-02-02T18:17:53","date_gmt":"2021-02-02T18:17:53","guid":{"rendered":"https:\/\/www.maxorata.es\/?p=5098"},"modified":"2021-02-05T09:37:45","modified_gmt":"2021-02-05T09:37:45","slug":"cesar-lumbreras-y-agropopular","status":"publish","type":"post","link":"https:\/\/maxorata.es\/en\/blog\/cesar-lumbreras-y-agropopular\/","title":{"rendered":"C\u00e9sar Lumbreras y Agropopular visitan nuestra queser\u00eda"},"content":{"rendered":"<p>Este pasado s\u00e1bado, 30 de enero, la emisi\u00f3n de\u00a0<a href=\"https:\/\/www.agropopular.com\/emision-de-agropopular-080121\/\">AGROPOPULAR<\/a> , el programa de C\u00e9sar Lumbreras, ten\u00eda lugar desde Fuerteventura. Mucho m\u00e1s en concreto, desde nuestras instalaciones, desde donde abordaron\u00a0toda la informaci\u00f3n del sector agr\u00edcola y ganadero de la semana.<\/p>\n<h2>C\u00e9sar Lumbreras y Agropopular, un tour por nuestros quesos<\/h2>\n<p>Durante la entrevista, Esteban Alberto, el director general de Grupo Ganaderos de Fuerteventura, hizo un recorrido por nuestras instalaciones mientras explicaba los distintos procesos en la elaboraci\u00f3n de nuestros quesos.<\/p>\n<h3>Se sortearon tres lotes de quesos<\/h3>\n<p>En el programa, los oyentes pudieron tambi\u00e9n ganar alguno de los tres lotes con tres quesos cada uno que se sortearon: Maxorata semicurado piment\u00f3n (medalla SuperOro, Top 16 mundial y Mejor Queso de Espa\u00f1a en los World Cheese Awards 2018), <a href=\"https:\/\/maxorata.es\/blog\/world-cheese-awards-2019\/\">Maxorata curado piment\u00f3n<\/a> (medalla de Oro en los World Cheese Awards 2019) y El Tofio tierno ahumado.<\/p>\n<h2>Agropopular, desde 1984, acercando &#8220;las cosas agrarias a la ciudad&#8221;<\/h2>\n<p>Agropopular, el programa de la COPE dirigido por C\u00e9sar Lumbreras, informa sobre el campo a los agricultores y ganaderos y &#8220;acerca las cosas agrarias a la gente de las ciudades&#8221;.<\/p>\n<p>La primera aparici\u00f3n de este programa en las ondas fue el 28 de julio de 1984. Desde entonces, han intentado conseguir tres objetivos:<\/p>\n<ul>\n<li>El primero, informar a los agricultores y ganaderos de todo aquello que sea de su inter\u00e9s, desde las noticias de Bruselas, hasta la situaci\u00f3n en los mercados de los productos agrarios pasando por la previsi\u00f3n meteorol\u00f3gica.<\/li>\n<li>El segundo, acercar \u201clas cosas del campo\u201d a la gente de las ciudades, para que no vivan de espaldas y se den cuenta de que la relaci\u00f3n entre el medio rural y el urbano es m\u00e1s estrecha de lo que pueda parecer: los alimentos de temporada y sus caracter\u00edsticas, la comparativa entre los precios en origen y en destino y las diferentes formas de disfrutar del campo son algunos ejemplos.<\/li>\n<li>El tercer gran objetivo ha sido hacerlo de forma amena y divertida y, para ello, han jugado mucho con la m\u00fasica.<\/li>\n<\/ul>\n<p>Muchas gracias a C\u00e9sar y a su equipo de Agropopular por su visita y su enorme cari\u00f1o.<\/p>\n<p>&nbsp;<\/p>\n","protected":false},"excerpt":{"rendered":"<p>Este pasado s\u00e1bado, 30 de enero, la emisi\u00f3n de\u00a0AGROPOPULAR , el programa de C\u00e9sar Lumbreras, ten\u00eda lugar desde Fuerteventura. Mucho m\u00e1s en concreto, desde nuestras instalaciones, desde donde abordaron\u00a0toda la informaci\u00f3n del sector agr\u00edcola y ganadero de la semana. C\u00e9sar Lumbreras y Agropopular, un tour por nuestros quesos Durante la entrevista, Esteban Alberto, el director&hellip;<\/p>\n","protected":false},"author":1,"featured_media":5100,"comment_status":"closed","ping_status":"closed","sticky":false,"template":"","format":"standard","meta":{"footnotes":""},"categories":[42],"tags":[170],"class_list":["post-5098","post","type-post","status-publish","format-standard","has-post-thumbnail","hentry","category-noticias","tag-eventos","category-42","description-off"],"yoast_head":"<!-- This site is optimized with the Yoast SEO plugin v28.3 - https:\/\/yoast.com\/product\/yoast-seo-wordpress\/ -->\n<title>C\u00e9sar Lumbreras y Agropopular visitan nuestra queser\u00eda<\/title>\n<meta name=\"description\" content=\"AGROPOPULAR , el programa de C\u00e9sar Lumbreras, ten\u00eda lugar desde Fuerteventura para abordar\u00a0toda la informaci\u00f3n del sector agr\u00edcola y ganadero\" \/>\n<meta name=\"robots\" content=\"index, follow, max-snippet:-1, max-image-preview:large, max-video-preview:-1\" \/>\n<link rel=\"canonical\" href=\"https:\/\/maxorata.es\/en\/blog\/cesar-lumbreras-y-agropopular\/\" \/>\n<meta property=\"og:locale\" content=\"en_GB\" \/>\n<meta property=\"og:locale:alternate\" content=\"es_ES\" \/>\n<meta property=\"og:type\" content=\"article\" \/>\n<meta property=\"og:title\" content=\"C\u00e9sar Lumbreras y Agropopular visitan nuestra queser\u00eda\" \/>\n<meta property=\"og:description\" content=\"AGROPOPULAR , el programa de C\u00e9sar Lumbreras, ten\u00eda lugar desde Fuerteventura para abordar\u00a0toda la informaci\u00f3n del sector agr\u00edcola y ganadero\" \/>\n<meta property=\"og:url\" content=\"https:\/\/maxorata.es\/en\/blog\/cesar-lumbreras-y-agropopular\/\" \/>\n<meta property=\"og:site_name\" content=\"Maxorata\" \/>\n<meta property=\"article:published_time\" content=\"2021-02-02T18:17:53+00:00\" \/>\n<meta property=\"article:modified_time\" content=\"2021-02-05T09:37:45+00:00\" \/>\n<meta property=\"og:image\" content=\"https:\/\/maxorata.es\/wp-content\/uploads\/2021\/02\/Ce\u0301sar-Lumbreras-y-Agropopular-maxorata.jpg\" \/>\n\t<meta property=\"og:image:width\" content=\"900\" \/>\n\t<meta property=\"og:image:height\" content=\"471\" \/>\n\t<meta property=\"og:image:type\" content=\"image\/jpeg\" \/>\n<meta name=\"twitter:card\" content=\"summary_large_image\" \/>\n<meta name=\"twitter:label1\" content=\"Written by\" \/>\n\t<meta name=\"twitter:data1\" content=\"\" \/>\n\t<meta name=\"twitter:label2\" content=\"Estimated reading time\" \/>\n\t<meta name=\"twitter:data2\" content=\"2 minutes\" \/>\n<script type=\"application\/ld+json\" class=\"yoast-schema-graph\">{\"@context\":\"https:\\\/\\\/schema.org\",\"@graph\":[{\"@type\":\"Article\",\"@id\":\"https:\\\/\\\/maxorata.es\\\/blog\\\/cesar-lumbreras-y-agropopular\\\/#article\",\"isPartOf\":{\"@id\":\"https:\\\/\\\/maxorata.es\\\/blog\\\/cesar-lumbreras-y-agropopular\\\/\"},\"author\":{\"name\":\"\",\"@id\":\"\"},\"headline\":\"C\u00e9sar Lumbreras y Agropopular visitan nuestra queser\u00eda\",\"datePublished\":\"2021-02-02T18:17:53+00:00\",\"dateModified\":\"2021-02-05T09:37:45+00:00\",\"mainEntityOfPage\":{\"@id\":\"https:\\\/\\\/maxorata.es\\\/blog\\\/cesar-lumbreras-y-agropopular\\\/\"},\"wordCount\":379,\"publisher\":{\"@id\":\"https:\\\/\\\/maxorata.es\\\/#organization\"},\"image\":{\"@id\":\"https:\\\/\\\/maxorata.es\\\/blog\\\/cesar-lumbreras-y-agropopular\\\/#primaryimage\"},\"thumbnailUrl\":\"https:\\\/\\\/maxorata.es\\\/wp-content\\\/uploads\\\/2021\\\/02\\\/Ce\u0301sar-Lumbreras-y-Agropopular-maxorata.jpg\",\"keywords\":[\"Eventos\"],\"articleSection\":[\"Noticias\"],\"inLanguage\":\"en-GB\"},{\"@type\":\"WebPage\",\"@id\":\"https:\\\/\\\/maxorata.es\\\/blog\\\/cesar-lumbreras-y-agropopular\\\/\",\"url\":\"https:\\\/\\\/maxorata.es\\\/blog\\\/cesar-lumbreras-y-agropopular\\\/\",\"name\":\"C\u00e9sar Lumbreras y Agropopular visitan nuestra queser\u00eda\",\"isPartOf\":{\"@id\":\"https:\\\/\\\/maxorata.es\\\/#website\"},\"primaryImageOfPage\":{\"@id\":\"https:\\\/\\\/maxorata.es\\\/blog\\\/cesar-lumbreras-y-agropopular\\\/#primaryimage\"},\"image\":{\"@id\":\"https:\\\/\\\/maxorata.es\\\/blog\\\/cesar-lumbreras-y-agropopular\\\/#primaryimage\"},\"thumbnailUrl\":\"https:\\\/\\\/maxorata.es\\\/wp-content\\\/uploads\\\/2021\\\/02\\\/Ce\u0301sar-Lumbreras-y-Agropopular-maxorata.jpg\",\"datePublished\":\"2021-02-02T18:17:53+00:00\",\"dateModified\":\"2021-02-05T09:37:45+00:00\",\"description\":\"AGROPOPULAR , el programa de C\u00e9sar Lumbreras, ten\u00eda lugar desde Fuerteventura para abordar\u00a0toda la informaci\u00f3n del sector agr\u00edcola y ganadero\",\"breadcrumb\":{\"@id\":\"https:\\\/\\\/maxorata.es\\\/blog\\\/cesar-lumbreras-y-agropopular\\\/#breadcrumb\"},\"inLanguage\":\"en-GB\",\"potentialAction\":[{\"@type\":\"ReadAction\",\"target\":[\"https:\\\/\\\/maxorata.es\\\/blog\\\/cesar-lumbreras-y-agropopular\\\/\"]}]},{\"@type\":\"ImageObject\",\"inLanguage\":\"en-GB\",\"@id\":\"https:\\\/\\\/maxorata.es\\\/blog\\\/cesar-lumbreras-y-agropopular\\\/#primaryimage\",\"url\":\"https:\\\/\\\/maxorata.es\\\/wp-content\\\/uploads\\\/2021\\\/02\\\/Ce\u0301sar-Lumbreras-y-Agropopular-maxorata.jpg\",\"contentUrl\":\"https:\\\/\\\/maxorata.es\\\/wp-content\\\/uploads\\\/2021\\\/02\\\/Ce\u0301sar-Lumbreras-y-Agropopular-maxorata.jpg\",\"width\":900,\"height\":471,\"caption\":\"C\u00e9sar Lumbreras y Agropopular visitan Maxorata\"},{\"@type\":\"BreadcrumbList\",\"@id\":\"https:\\\/\\\/maxorata.es\\\/blog\\\/cesar-lumbreras-y-agropopular\\\/#breadcrumb\",\"itemListElement\":[{\"@type\":\"ListItem\",\"position\":1,\"name\":\"Portada\",\"item\":\"https:\\\/\\\/maxorata.es\\\/\"},{\"@type\":\"ListItem\",\"position\":2,\"name\":\"C\u00e9sar Lumbreras y Agropopular visitan nuestra queser\u00eda\"}]},{\"@type\":\"WebSite\",\"@id\":\"https:\\\/\\\/maxorata.es\\\/#website\",\"url\":\"https:\\\/\\\/maxorata.es\\\/\",\"name\":\"Maxorata\",\"description\":\"Queso majorero y otros productos l\u00e1cteos del Grupo Ganaderos de Fuerteventura\",\"publisher\":{\"@id\":\"https:\\\/\\\/maxorata.es\\\/#organization\"},\"potentialAction\":[{\"@type\":\"SearchAction\",\"target\":{\"@type\":\"EntryPoint\",\"urlTemplate\":\"https:\\\/\\\/maxorata.es\\\/?s={search_term_string}\"},\"query-input\":{\"@type\":\"PropertyValueSpecification\",\"valueRequired\":true,\"valueName\":\"search_term_string\"}}],\"inLanguage\":\"en-GB\"},{\"@type\":\"Organization\",\"@id\":\"https:\\\/\\\/maxorata.es\\\/#organization\",\"name\":\"Grupo Ganaderos de Fuerteventura S.L\",\"url\":\"https:\\\/\\\/maxorata.es\\\/\",\"logo\":{\"@type\":\"ImageObject\",\"inLanguage\":\"en-GB\",\"@id\":\"https:\\\/\\\/maxorata.es\\\/#\\\/schema\\\/logo\\\/image\\\/\",\"url\":\"https:\\\/\\\/maxorata.es\\\/wp-content\\\/uploads\\\/2018\\\/05\\\/logo.jpg\",\"contentUrl\":\"https:\\\/\\\/maxorata.es\\\/wp-content\\\/uploads\\\/2018\\\/05\\\/logo.jpg\",\"width\":109,\"height\":77,\"caption\":\"Grupo Ganaderos de Fuerteventura S.L\"},\"image\":{\"@id\":\"https:\\\/\\\/maxorata.es\\\/#\\\/schema\\\/logo\\\/image\\\/\"}},{\"@type\":\"Person\",\"@id\":\"\",\"url\":\"https:\\\/\\\/maxorata.es\\\/en\\\/blog\\\/author\\\/\"}]}<\/script>\n<!-- \/ Yoast SEO plugin. -->","yoast_head_json":{"title":"C\u00e9sar Lumbreras y Agropopular visitan nuestra queser\u00eda","description":"AGROPOPULAR , el programa de C\u00e9sar Lumbreras, ten\u00eda lugar desde Fuerteventura para abordar\u00a0toda la informaci\u00f3n del sector agr\u00edcola y ganadero","robots":{"index":"index","follow":"follow","max-snippet":"max-snippet:-1","max-image-preview":"max-image-preview:large","max-video-preview":"max-video-preview:-1"},"canonical":"https:\/\/maxorata.es\/en\/blog\/cesar-lumbreras-y-agropopular\/","og_locale":"en_GB","og_type":"article","og_title":"[:es]C\u00e9sar Lumbreras y Agropopular visitan nuestra queser\u00eda[:] - Maxorata","og_description":"AGROPOPULAR , el programa de C\u00e9sar Lumbreras, ten\u00eda lugar desde Fuerteventura para abordar\u00a0toda la informaci\u00f3n del sector agr\u00edcola y ganadero","og_url":"https:\/\/maxorata.es\/en\/blog\/cesar-lumbreras-y-agropopular\/","og_site_name":"Maxorata","article_published_time":"2021-02-02T18:17:53+00:00","article_modified_time":"2021-02-05T09:37:45+00:00","og_image":[{"width":900,"height":471,"url":"https:\/\/maxorata.es\/wp-content\/uploads\/2021\/02\/Ce\u0301sar-Lumbreras-y-Agropopular-maxorata.jpg","type":"image\/jpeg"}],"twitter_card":"summary_large_image","twitter_misc":{"Written by":"","Estimated reading time":"2 minutes"},"schema":{"@context":"https:\/\/schema.org","@graph":[{"@type":"Article","@id":"https:\/\/maxorata.es\/blog\/cesar-lumbreras-y-agropopular\/#article","isPartOf":{"@id":"https:\/\/maxorata.es\/blog\/cesar-lumbreras-y-agropopular\/"},"author":{"name":"","@id":""},"headline":"C\u00e9sar Lumbreras y Agropopular visitan nuestra queser\u00eda","datePublished":"2021-02-02T18:17:53+00:00","dateModified":"2021-02-05T09:37:45+00:00","mainEntityOfPage":{"@id":"https:\/\/maxorata.es\/blog\/cesar-lumbreras-y-agropopular\/"},"wordCount":379,"publisher":{"@id":"https:\/\/maxorata.es\/#organization"},"image":{"@id":"https:\/\/maxorata.es\/blog\/cesar-lumbreras-y-agropopular\/#primaryimage"},"thumbnailUrl":"https:\/\/maxorata.es\/wp-content\/uploads\/2021\/02\/Ce\u0301sar-Lumbreras-y-Agropopular-maxorata.jpg","keywords":["Eventos"],"articleSection":["Noticias"],"inLanguage":"en-GB"},{"@type":"WebPage","@id":"https:\/\/maxorata.es\/blog\/cesar-lumbreras-y-agropopular\/","url":"https:\/\/maxorata.es\/blog\/cesar-lumbreras-y-agropopular\/","name":"C\u00e9sar Lumbreras y Agropopular visitan nuestra queser\u00eda","isPartOf":{"@id":"https:\/\/maxorata.es\/#website"},"primaryImageOfPage":{"@id":"https:\/\/maxorata.es\/blog\/cesar-lumbreras-y-agropopular\/#primaryimage"},"image":{"@id":"https:\/\/maxorata.es\/blog\/cesar-lumbreras-y-agropopular\/#primaryimage"},"thumbnailUrl":"https:\/\/maxorata.es\/wp-content\/uploads\/2021\/02\/Ce\u0301sar-Lumbreras-y-Agropopular-maxorata.jpg","datePublished":"2021-02-02T18:17:53+00:00","dateModified":"2021-02-05T09:37:45+00:00","description":"AGROPOPULAR , el programa de C\u00e9sar Lumbreras, ten\u00eda lugar desde Fuerteventura para abordar\u00a0toda la informaci\u00f3n del sector agr\u00edcola y ganadero","breadcrumb":{"@id":"https:\/\/maxorata.es\/blog\/cesar-lumbreras-y-agropopular\/#breadcrumb"},"inLanguage":"en-GB","potentialAction":[{"@type":"ReadAction","target":["https:\/\/maxorata.es\/blog\/cesar-lumbreras-y-agropopular\/"]}]},{"@type":"ImageObject","inLanguage":"en-GB","@id":"https:\/\/maxorata.es\/blog\/cesar-lumbreras-y-agropopular\/#primaryimage","url":"https:\/\/maxorata.es\/wp-content\/uploads\/2021\/02\/Ce\u0301sar-Lumbreras-y-Agropopular-maxorata.jpg","contentUrl":"https:\/\/maxorata.es\/wp-content\/uploads\/2021\/02\/Ce\u0301sar-Lumbreras-y-Agropopular-maxorata.jpg","width":900,"height":471,"caption":"C\u00e9sar Lumbreras y Agropopular visitan Maxorata"},{"@type":"BreadcrumbList","@id":"https:\/\/maxorata.es\/blog\/cesar-lumbreras-y-agropopular\/#breadcrumb","itemListElement":[{"@type":"ListItem","position":1,"name":"Portada","item":"https:\/\/maxorata.es\/"},{"@type":"ListItem","position":2,"name":"C\u00e9sar Lumbreras y Agropopular visitan nuestra queser\u00eda"}]},{"@type":"WebSite","@id":"https:\/\/maxorata.es\/#website","url":"https:\/\/maxorata.es\/","name":"Maxorata","description":"Queso majorero y otros productos l\u00e1cteos del Grupo Ganaderos de Fuerteventura","publisher":{"@id":"https:\/\/maxorata.es\/#organization"},"potentialAction":[{"@type":"SearchAction","target":{"@type":"EntryPoint","urlTemplate":"https:\/\/maxorata.es\/?s={search_term_string}"},"query-input":{"@type":"PropertyValueSpecification","valueRequired":true,"valueName":"search_term_string"}}],"inLanguage":"en-GB"},{"@type":"Organization","@id":"https:\/\/maxorata.es\/#organization","name":"Grupo Ganaderos de Fuerteventura S.L","url":"https:\/\/maxorata.es\/","logo":{"@type":"ImageObject","inLanguage":"en-GB","@id":"https:\/\/maxorata.es\/#\/schema\/logo\/image\/","url":"https:\/\/maxorata.es\/wp-content\/uploads\/2018\/05\/logo.jpg","contentUrl":"https:\/\/maxorata.es\/wp-content\/uploads\/2018\/05\/logo.jpg","width":109,"height":77,"caption":"Grupo Ganaderos de Fuerteventura S.L"},"image":{"@id":"https:\/\/maxorata.es\/#\/schema\/logo\/image\/"}},{"@type":"Person","@id":"","url":"https:\/\/maxorata.es\/en\/blog\/author\/"}]}},"_links":{"self":[{"href":"https:\/\/maxorata.es\/en\/wp-json\/wp\/v2\/posts\/5098","targetHints":{"allow":["GET"]}}],"collection":[{"href":"https:\/\/maxorata.es\/en\/wp-json\/wp\/v2\/posts"}],"about":[{"href":"https:\/\/maxorata.es\/en\/wp-json\/wp\/v2\/types\/post"}],"author":[{"embeddable":true,"href":"https:\/\/maxorata.es\/en\/wp-json\/wp\/v2\/users\/1"}],"replies":[{"embeddable":true,"href":"https:\/\/maxorata.es\/en\/wp-json\/wp\/v2\/comments?post=5098"}],"version-history":[{"count":0,"href":"https:\/\/maxorata.es\/en\/wp-json\/wp\/v2\/posts\/5098\/revisions"}],"wp:featuredmedia":[{"embeddable":true,"href":"https:\/\/maxorata.es\/en\/wp-json\/wp\/v2\/media\/5100"}],"wp:attachment":[{"href":"https:\/\/maxorata.es\/en\/wp-json\/wp\/v2\/media?parent=5098"}],"wp:term":[{"taxonomy":"category","embeddable":true,"href":"https:\/\/maxorata.es\/en\/wp-json\/wp\/v2\/categories?post=5098"},{"taxonomy":"post_tag","embeddable":true,"href":"https:\/\/maxorata.es\/en\/wp-json\/wp\/v2\/tags?post=5098"}],"curies":[{"name":"wp","href":"https:\/\/api.w.org\/{rel}","templated":true}]}}