{"id":5185,"date":"2021-03-25T11:19:10","date_gmt":"2021-03-25T11:19:10","guid":{"rendered":"https:\/\/www.maxorata.es\/?p=5185"},"modified":"2021-04-16T09:01:27","modified_gmt":"2021-04-16T08:01:27","slug":"sostenibilidad-energetica-grupo-ganaderos-de-fuerteventura","status":"publish","type":"post","link":"https:\/\/maxorata.es\/en\/blog\/sostenibilidad-energetica-grupo-ganaderos-de-fuerteventura\/","title":{"rendered":"La instalaci\u00f3n fotovoltaica: hacia la autosuficiencia y sostenibilidad energ\u00e9tica de Grupo Ganaderos de Fuerteventura"},"content":{"rendered":"<p>La primera instalaci\u00f3n fotovoltaica de Grupo Ganaderos de Fuerteventura supone un importante paso hacia la autosuficiencia y sostenibilidad energ\u00e9tica de nuestra empresa. Se trata de un anhelo que, desde ya, empezamos a concebir como una importante realidad dentro de nuestra <a href=\"https:\/\/maxorata.es\/filosofia\/\">filosof\u00eda<\/a> y <a href=\"https:\/\/maxorata.es\/mision-vision-y-valores\/\">valores<\/a> de empresa.<\/p>\n<h2>Hacia la autosuficiencia y sostenibilidad energ\u00e9tica<\/h2>\n<p>En Grupo Ganaderos de Fuerteventura, acabamos de montar nuestra primera instalaci\u00f3n fotovoltaica. Se trata de una instalaci\u00f3n de autoconsumo de 70 kW ubicada en nuestra sede central, en donde, aparte de nuestras oficinas, disponemos de unas amplias c\u00e1maras de maduraci\u00f3n y afinado de nuestros productos.<\/p>\n<p>Gracias a dicha instalaci\u00f3n fotovoltaica , el grupo producir\u00e1 156.206 kWh\/ a\u00f1o, lo que equivaldr\u00eda al 60% de la energ\u00eda consumida en dichas instalaciones de maduraci\u00f3n. Esta autogeneraci\u00f3n evitar\u00e1 m\u00e1s de 30 toneladas de emisiones de CO2 al a\u00f1o.<\/p>\n<h3>Un primer paso<\/h3>\n<p>Esta no es m\u00e1s que la primera de varias instalaciones que implementaremos durante los pr\u00f3ximos a\u00f1os en las distintas plantas e instalaciones que posee Grupo Ganaderos de Fuerteventura con el objetivo de que en los pr\u00f3ximos cinco a\u00f1os el 70% de la energ\u00eda consumida proceda de fuentes renovables y as\u00ed cimentar nuestro compromiso con un entorno m\u00e1s sostenible en nuestra actividad y con una transici\u00f3n energ\u00e9tica limpia y eficiente.<\/p>\n<p>Creemos, sin duda, que <strong>es responsabilidad de todos caminar en esta direcci\u00f3n, pensando siempre en quienes vendr\u00e1n detr\u00e1s de nosotros.<\/strong><\/p>\n\r\n\t\t<style type='text\/css'>\r\n\t\t\t#gallery-1 {\r\n\t\t\t\tmargin: auto;\r\n\t\t\t}\r\n\t\t\t#gallery-1 .gallery-item {\r\n\t\t\t\tfloat: left;\r\n\t\t\t\tmargin-top: 10px;\r\n\t\t\t\ttext-align: center;\r\n\t\t\t\twidth: 33%;\r\n\t\t\t}\r\n\t\t\t#gallery-1 img {\r\n\t\t\t\tborder: 2px solid #cfcfcf;\r\n\t\t\t}\r\n\t\t\t#gallery-1 .gallery-caption {\r\n\t\t\t\tmargin-left: 0;\r\n\t\t\t}\r\n\t\t\t\/* see gallery_shortcode() in wp-includes\/media.php *\/\r\n\t\t<\/style>\n\t\t<div id='gallery-1' class='gallery galleryid-5185 gallery-columns-3 gallery-size-medium'><dl class='gallery-item'>\r\n\t\t\t<dt class='gallery-icon portrait'>\r\n\t\t\t\t<a href='https:\/\/maxorata.es\/en\/blog\/sostenibilidad-energetica-grupo-ganaderos-de-fuerteventura\/instalacion-placas-ggf-sede-central\/'><img loading=\"lazy\" decoding=\"async\" width=\"236\" height=\"300\" src=\"https:\/\/maxorata.es\/wp-content\/uploads\/2021\/03\/Instalacion-placas-GGF-sede-central-236x300.jpg\" class=\"attachment-medium size-medium\" alt=\"\" srcset=\"https:\/\/maxorata.es\/wp-content\/uploads\/2021\/03\/Instalacion-placas-GGF-sede-central-236x300.jpg 236w, https:\/\/maxorata.es\/wp-content\/uploads\/2021\/03\/Instalacion-placas-GGF-sede-central-806x1024.jpg 806w, https:\/\/maxorata.es\/wp-content\/uploads\/2021\/03\/Instalacion-placas-GGF-sede-central-768x976.jpg 768w, https:\/\/maxorata.es\/wp-content\/uploads\/2021\/03\/Instalacion-placas-GGF-sede-central.jpg 857w\" sizes=\"auto, (max-width: 236px) 100vw, 236px\" \/><\/a>\r\n\t\t\t<\/dt><\/dl><dl class='gallery-item'>\r\n\t\t\t<dt class='gallery-icon landscape'>\r\n\t\t\t\t<a href='https:\/\/maxorata.es\/en\/blog\/sostenibilidad-energetica-grupo-ganaderos-de-fuerteventura\/instalacion-placas-5\/'><img loading=\"lazy\" decoding=\"async\" width=\"300\" height=\"189\" src=\"https:\/\/maxorata.es\/wp-content\/uploads\/2021\/03\/Instalacion-placas-5-300x189.jpg\" class=\"attachment-medium size-medium\" alt=\"\" srcset=\"https:\/\/maxorata.es\/wp-content\/uploads\/2021\/03\/Instalacion-placas-5-300x189.jpg 300w, https:\/\/maxorata.es\/wp-content\/uploads\/2021\/03\/Instalacion-placas-5-1024x645.jpg 1024w, https:\/\/maxorata.es\/wp-content\/uploads\/2021\/03\/Instalacion-placas-5-768x484.jpg 768w, https:\/\/maxorata.es\/wp-content\/uploads\/2021\/03\/Instalacion-placas-5.jpg 1188w\" sizes=\"auto, (max-width: 300px) 100vw, 300px\" \/><\/a>\r\n\t\t\t<\/dt><\/dl><dl class='gallery-item'>\r\n\t\t\t<dt class='gallery-icon portrait'>\r\n\t\t\t\t<a href='https:\/\/maxorata.es\/en\/blog\/sostenibilidad-energetica-grupo-ganaderos-de-fuerteventura\/instalacion-placas-4\/'><img loading=\"lazy\" decoding=\"async\" width=\"225\" height=\"300\" src=\"https:\/\/maxorata.es\/wp-content\/uploads\/2021\/03\/Instalacion-placas-4-225x300.jpg\" class=\"attachment-medium size-medium\" alt=\"\" srcset=\"https:\/\/maxorata.es\/wp-content\/uploads\/2021\/03\/Instalacion-placas-4-225x300.jpg 225w, https:\/\/maxorata.es\/wp-content\/uploads\/2021\/03\/Instalacion-placas-4.jpg 557w\" sizes=\"auto, (max-width: 225px) 100vw, 225px\" \/><\/a>\r\n\t\t\t<\/dt><\/dl><br style=\"clear: both\" \/><dl class='gallery-item'>\r\n\t\t\t<dt class='gallery-icon landscape'>\r\n\t\t\t\t<a href='https:\/\/maxorata.es\/en\/blog\/sostenibilidad-energetica-grupo-ganaderos-de-fuerteventura\/instalacion-placas-3-jpeg-2\/'><img loading=\"lazy\" decoding=\"async\" width=\"300\" height=\"225\" src=\"https:\/\/maxorata.es\/wp-content\/uploads\/2021\/03\/Instalacion-placas-3.jpeg-1-300x225.jpg\" class=\"attachment-medium size-medium\" alt=\"\" srcset=\"https:\/\/maxorata.es\/wp-content\/uploads\/2021\/03\/Instalacion-placas-3.jpeg-1-300x225.jpg 300w, https:\/\/maxorata.es\/wp-content\/uploads\/2021\/03\/Instalacion-placas-3.jpeg-1-768x576.jpg 768w, https:\/\/maxorata.es\/wp-content\/uploads\/2021\/03\/Instalacion-placas-3.jpeg-1.jpg 900w\" sizes=\"auto, (max-width: 300px) 100vw, 300px\" \/><\/a>\r\n\t\t\t<\/dt><\/dl><dl class='gallery-item'>\r\n\t\t\t<dt class='gallery-icon portrait'>\r\n\t\t\t\t<a href='https:\/\/maxorata.es\/en\/blog\/sostenibilidad-energetica-grupo-ganaderos-de-fuerteventura\/instalacion-placas-2\/'><img loading=\"lazy\" decoding=\"async\" width=\"225\" height=\"300\" src=\"https:\/\/maxorata.es\/wp-content\/uploads\/2021\/03\/Instalacion-placas-2-225x300.jpg\" class=\"attachment-medium size-medium\" alt=\"\" srcset=\"https:\/\/maxorata.es\/wp-content\/uploads\/2021\/03\/Instalacion-placas-2-225x300.jpg 225w, https:\/\/maxorata.es\/wp-content\/uploads\/2021\/03\/Instalacion-placas-2-768x1024.jpg 768w, https:\/\/maxorata.es\/wp-content\/uploads\/2021\/03\/Instalacion-placas-2.jpg 900w\" sizes=\"auto, (max-width: 225px) 100vw, 225px\" \/><\/a>\r\n\t\t\t<\/dt><\/dl><br style=\"clear: both\" \/><\/div>\n\n","protected":false},"excerpt":{"rendered":"<p>La primera instalaci\u00f3n fotovoltaica de Grupo Ganaderos de Fuerteventura supone un importante paso hacia la autosuficiencia y sostenibilidad energ\u00e9tica de nuestra empresa. Se trata de un anhelo que, desde ya, empezamos a concebir como una importante realidad dentro de nuestra filosof\u00eda y valores de empresa. Hacia la autosuficiencia y sostenibilidad energ\u00e9tica En Grupo Ganaderos de&hellip;<\/p>\n","protected":false},"author":1,"featured_media":5187,"comment_status":"closed","ping_status":"closed","sticky":false,"template":"","format":"standard","meta":{"footnotes":""},"categories":[42],"tags":[],"class_list":["post-5185","post","type-post","status-publish","format-standard","has-post-thumbnail","hentry","category-noticias","category-42","description-off"],"yoast_head":"<!-- This site is optimized with the Yoast SEO plugin v28.3 - https:\/\/yoast.com\/product\/yoast-seo-wordpress\/ -->\n<title>La instalaci\u00f3n fotovoltaica: hacia la autosuficiencia y sostenibilidad energ\u00e9tica de Grupo Ganaderos de Fuerteventura<\/title>\n<meta name=\"description\" content=\"La primera instalaci\u00f3n fotovoltaica de Grupo Ganaderos de Fuerteventura supone un importante paso hacia la sostenibilidad energ\u00e9tica\" \/>\n<meta name=\"robots\" content=\"index, follow, max-snippet:-1, max-image-preview:large, max-video-preview:-1\" \/>\n<link rel=\"canonical\" href=\"https:\/\/maxorata.es\/en\/blog\/sostenibilidad-energetica-grupo-ganaderos-de-fuerteventura\/\" \/>\n<meta property=\"og:locale\" content=\"en_GB\" \/>\n<meta property=\"og:locale:alternate\" content=\"es_ES\" \/>\n<meta property=\"og:type\" content=\"article\" \/>\n<meta property=\"og:title\" content=\"La instalaci\u00f3n fotovoltaica: hacia la autosuficiencia y sostenibilidad energ\u00e9tica de Grupo Ganaderos de Fuerteventura\" \/>\n<meta property=\"og:description\" content=\"La primera instalaci\u00f3n fotovoltaica de Grupo Ganaderos de Fuerteventura supone un importante paso hacia la sostenibilidad energ\u00e9tica\" \/>\n<meta property=\"og:url\" content=\"https:\/\/maxorata.es\/en\/blog\/sostenibilidad-energetica-grupo-ganaderos-de-fuerteventura\/\" \/>\n<meta property=\"og:site_name\" content=\"Maxorata\" \/>\n<meta property=\"article:published_time\" content=\"2021-03-25T11:19:10+00:00\" \/>\n<meta property=\"article:modified_time\" content=\"2021-04-16T08:01:27+00:00\" \/>\n<meta property=\"og:image\" content=\"https:\/\/maxorata.es\/wp-content\/uploads\/2021\/03\/Instalacion-placas-3.jpeg.jpg\" \/>\n\t<meta property=\"og:image:width\" content=\"900\" \/>\n\t<meta property=\"og:image:height\" content=\"675\" \/>\n\t<meta property=\"og:image:type\" content=\"image\/jpeg\" \/>\n<meta name=\"twitter:card\" content=\"summary_large_image\" \/>\n<meta name=\"twitter:label1\" content=\"Written by\" \/>\n\t<meta name=\"twitter:data1\" content=\"\" \/>\n\t<meta name=\"twitter:label2\" content=\"Estimated reading time\" \/>\n\t<meta name=\"twitter:data2\" content=\"2 minutes\" \/>\n<script type=\"application\/ld+json\" class=\"yoast-schema-graph\">{\"@context\":\"https:\\\/\\\/schema.org\",\"@graph\":[{\"@type\":\"Article\",\"@id\":\"https:\\\/\\\/maxorata.es\\\/blog\\\/sostenibilidad-energetica-grupo-ganaderos-de-fuerteventura\\\/#article\",\"isPartOf\":{\"@id\":\"https:\\\/\\\/maxorata.es\\\/blog\\\/sostenibilidad-energetica-grupo-ganaderos-de-fuerteventura\\\/\"},\"author\":{\"name\":\"\",\"@id\":\"\"},\"headline\":\"La instalaci\u00f3n fotovoltaica: hacia la autosuficiencia y sostenibilidad energ\u00e9tica de Grupo Ganaderos de Fuerteventura\",\"datePublished\":\"2021-03-25T11:19:10+00:00\",\"dateModified\":\"2021-04-16T08:01:27+00:00\",\"mainEntityOfPage\":{\"@id\":\"https:\\\/\\\/maxorata.es\\\/blog\\\/sostenibilidad-energetica-grupo-ganaderos-de-fuerteventura\\\/\"},\"wordCount\":271,\"publisher\":{\"@id\":\"https:\\\/\\\/maxorata.es\\\/#organization\"},\"image\":{\"@id\":\"https:\\\/\\\/maxorata.es\\\/blog\\\/sostenibilidad-energetica-grupo-ganaderos-de-fuerteventura\\\/#primaryimage\"},\"thumbnailUrl\":\"https:\\\/\\\/maxorata.es\\\/wp-content\\\/uploads\\\/2021\\\/03\\\/Instalacion-placas-3.jpeg.jpg\",\"articleSection\":[\"Noticias\"],\"inLanguage\":\"en-GB\"},{\"@type\":\"WebPage\",\"@id\":\"https:\\\/\\\/maxorata.es\\\/blog\\\/sostenibilidad-energetica-grupo-ganaderos-de-fuerteventura\\\/\",\"url\":\"https:\\\/\\\/maxorata.es\\\/blog\\\/sostenibilidad-energetica-grupo-ganaderos-de-fuerteventura\\\/\",\"name\":\"La instalaci\u00f3n fotovoltaica: hacia la autosuficiencia y sostenibilidad energ\u00e9tica de Grupo Ganaderos de Fuerteventura\",\"isPartOf\":{\"@id\":\"https:\\\/\\\/maxorata.es\\\/#website\"},\"primaryImageOfPage\":{\"@id\":\"https:\\\/\\\/maxorata.es\\\/blog\\\/sostenibilidad-energetica-grupo-ganaderos-de-fuerteventura\\\/#primaryimage\"},\"image\":{\"@id\":\"https:\\\/\\\/maxorata.es\\\/blog\\\/sostenibilidad-energetica-grupo-ganaderos-de-fuerteventura\\\/#primaryimage\"},\"thumbnailUrl\":\"https:\\\/\\\/maxorata.es\\\/wp-content\\\/uploads\\\/2021\\\/03\\\/Instalacion-placas-3.jpeg.jpg\",\"datePublished\":\"2021-03-25T11:19:10+00:00\",\"dateModified\":\"2021-04-16T08:01:27+00:00\",\"description\":\"La primera instalaci\u00f3n fotovoltaica de Grupo Ganaderos de Fuerteventura supone un importante paso hacia la sostenibilidad energ\u00e9tica\",\"breadcrumb\":{\"@id\":\"https:\\\/\\\/maxorata.es\\\/blog\\\/sostenibilidad-energetica-grupo-ganaderos-de-fuerteventura\\\/#breadcrumb\"},\"inLanguage\":\"en-GB\",\"potentialAction\":[{\"@type\":\"ReadAction\",\"target\":[\"https:\\\/\\\/maxorata.es\\\/blog\\\/sostenibilidad-energetica-grupo-ganaderos-de-fuerteventura\\\/\"]}]},{\"@type\":\"ImageObject\",\"inLanguage\":\"en-GB\",\"@id\":\"https:\\\/\\\/maxorata.es\\\/blog\\\/sostenibilidad-energetica-grupo-ganaderos-de-fuerteventura\\\/#primaryimage\",\"url\":\"https:\\\/\\\/maxorata.es\\\/wp-content\\\/uploads\\\/2021\\\/03\\\/Instalacion-placas-3.jpeg.jpg\",\"contentUrl\":\"https:\\\/\\\/maxorata.es\\\/wp-content\\\/uploads\\\/2021\\\/03\\\/Instalacion-placas-3.jpeg.jpg\",\"width\":900,\"height\":675,\"caption\":\"sostenibilidad energ\u00e9tica de Grupo Ganaderos de Fuerteventura\"},{\"@type\":\"BreadcrumbList\",\"@id\":\"https:\\\/\\\/maxorata.es\\\/blog\\\/sostenibilidad-energetica-grupo-ganaderos-de-fuerteventura\\\/#breadcrumb\",\"itemListElement\":[{\"@type\":\"ListItem\",\"position\":1,\"name\":\"Portada\",\"item\":\"https:\\\/\\\/maxorata.es\\\/\"},{\"@type\":\"ListItem\",\"position\":2,\"name\":\"La instalaci\u00f3n fotovoltaica: hacia la autosuficiencia y sostenibilidad energ\u00e9tica de Grupo Ganaderos de Fuerteventura\"}]},{\"@type\":\"WebSite\",\"@id\":\"https:\\\/\\\/maxorata.es\\\/#website\",\"url\":\"https:\\\/\\\/maxorata.es\\\/\",\"name\":\"Maxorata\",\"description\":\"Queso majorero y otros productos l\u00e1cteos del Grupo Ganaderos de Fuerteventura\",\"publisher\":{\"@id\":\"https:\\\/\\\/maxorata.es\\\/#organization\"},\"potentialAction\":[{\"@type\":\"SearchAction\",\"target\":{\"@type\":\"EntryPoint\",\"urlTemplate\":\"https:\\\/\\\/maxorata.es\\\/?s={search_term_string}\"},\"query-input\":{\"@type\":\"PropertyValueSpecification\",\"valueRequired\":true,\"valueName\":\"search_term_string\"}}],\"inLanguage\":\"en-GB\"},{\"@type\":\"Organization\",\"@id\":\"https:\\\/\\\/maxorata.es\\\/#organization\",\"name\":\"Grupo Ganaderos de Fuerteventura S.L\",\"url\":\"https:\\\/\\\/maxorata.es\\\/\",\"logo\":{\"@type\":\"ImageObject\",\"inLanguage\":\"en-GB\",\"@id\":\"https:\\\/\\\/maxorata.es\\\/#\\\/schema\\\/logo\\\/image\\\/\",\"url\":\"https:\\\/\\\/maxorata.es\\\/wp-content\\\/uploads\\\/2018\\\/05\\\/logo.jpg\",\"contentUrl\":\"https:\\\/\\\/maxorata.es\\\/wp-content\\\/uploads\\\/2018\\\/05\\\/logo.jpg\",\"width\":109,\"height\":77,\"caption\":\"Grupo Ganaderos de Fuerteventura S.L\"},\"image\":{\"@id\":\"https:\\\/\\\/maxorata.es\\\/#\\\/schema\\\/logo\\\/image\\\/\"}},{\"@type\":\"Person\",\"@id\":\"\",\"url\":\"https:\\\/\\\/maxorata.es\\\/en\\\/blog\\\/author\\\/\"}]}<\/script>\n<!-- \/ Yoast SEO plugin. -->","yoast_head_json":{"title":"La instalaci\u00f3n fotovoltaica: hacia la autosuficiencia y sostenibilidad energ\u00e9tica de Grupo Ganaderos de Fuerteventura","description":"La primera instalaci\u00f3n fotovoltaica de Grupo Ganaderos de Fuerteventura supone un importante paso hacia la sostenibilidad energ\u00e9tica","robots":{"index":"index","follow":"follow","max-snippet":"max-snippet:-1","max-image-preview":"max-image-preview:large","max-video-preview":"max-video-preview:-1"},"canonical":"https:\/\/maxorata.es\/en\/blog\/sostenibilidad-energetica-grupo-ganaderos-de-fuerteventura\/","og_locale":"en_GB","og_type":"article","og_title":"[:es]La instalaci\u00f3n fotovoltaica: hacia la autosuficiencia y sostenibilidad energ\u00e9tica de Grupo Ganaderos de Fuerteventura[:] - Maxorata","og_description":"La primera instalaci\u00f3n fotovoltaica de Grupo Ganaderos de Fuerteventura supone un importante paso hacia la sostenibilidad energ\u00e9tica","og_url":"https:\/\/maxorata.es\/en\/blog\/sostenibilidad-energetica-grupo-ganaderos-de-fuerteventura\/","og_site_name":"Maxorata","article_published_time":"2021-03-25T11:19:10+00:00","article_modified_time":"2021-04-16T08:01:27+00:00","og_image":[{"width":900,"height":675,"url":"https:\/\/maxorata.es\/wp-content\/uploads\/2021\/03\/Instalacion-placas-3.jpeg.jpg","type":"image\/jpeg"}],"twitter_card":"summary_large_image","twitter_misc":{"Written by":"","Estimated reading time":"2 minutes"},"schema":{"@context":"https:\/\/schema.org","@graph":[{"@type":"Article","@id":"https:\/\/maxorata.es\/blog\/sostenibilidad-energetica-grupo-ganaderos-de-fuerteventura\/#article","isPartOf":{"@id":"https:\/\/maxorata.es\/blog\/sostenibilidad-energetica-grupo-ganaderos-de-fuerteventura\/"},"author":{"name":"","@id":""},"headline":"La instalaci\u00f3n fotovoltaica: hacia la autosuficiencia y sostenibilidad energ\u00e9tica de Grupo Ganaderos de Fuerteventura","datePublished":"2021-03-25T11:19:10+00:00","dateModified":"2021-04-16T08:01:27+00:00","mainEntityOfPage":{"@id":"https:\/\/maxorata.es\/blog\/sostenibilidad-energetica-grupo-ganaderos-de-fuerteventura\/"},"wordCount":271,"publisher":{"@id":"https:\/\/maxorata.es\/#organization"},"image":{"@id":"https:\/\/maxorata.es\/blog\/sostenibilidad-energetica-grupo-ganaderos-de-fuerteventura\/#primaryimage"},"thumbnailUrl":"https:\/\/maxorata.es\/wp-content\/uploads\/2021\/03\/Instalacion-placas-3.jpeg.jpg","articleSection":["Noticias"],"inLanguage":"en-GB"},{"@type":"WebPage","@id":"https:\/\/maxorata.es\/blog\/sostenibilidad-energetica-grupo-ganaderos-de-fuerteventura\/","url":"https:\/\/maxorata.es\/blog\/sostenibilidad-energetica-grupo-ganaderos-de-fuerteventura\/","name":"La instalaci\u00f3n fotovoltaica: hacia la autosuficiencia y sostenibilidad energ\u00e9tica de Grupo Ganaderos de Fuerteventura","isPartOf":{"@id":"https:\/\/maxorata.es\/#website"},"primaryImageOfPage":{"@id":"https:\/\/maxorata.es\/blog\/sostenibilidad-energetica-grupo-ganaderos-de-fuerteventura\/#primaryimage"},"image":{"@id":"https:\/\/maxorata.es\/blog\/sostenibilidad-energetica-grupo-ganaderos-de-fuerteventura\/#primaryimage"},"thumbnailUrl":"https:\/\/maxorata.es\/wp-content\/uploads\/2021\/03\/Instalacion-placas-3.jpeg.jpg","datePublished":"2021-03-25T11:19:10+00:00","dateModified":"2021-04-16T08:01:27+00:00","description":"La primera instalaci\u00f3n fotovoltaica de Grupo Ganaderos de Fuerteventura supone un importante paso hacia la sostenibilidad energ\u00e9tica","breadcrumb":{"@id":"https:\/\/maxorata.es\/blog\/sostenibilidad-energetica-grupo-ganaderos-de-fuerteventura\/#breadcrumb"},"inLanguage":"en-GB","potentialAction":[{"@type":"ReadAction","target":["https:\/\/maxorata.es\/blog\/sostenibilidad-energetica-grupo-ganaderos-de-fuerteventura\/"]}]},{"@type":"ImageObject","inLanguage":"en-GB","@id":"https:\/\/maxorata.es\/blog\/sostenibilidad-energetica-grupo-ganaderos-de-fuerteventura\/#primaryimage","url":"https:\/\/maxorata.es\/wp-content\/uploads\/2021\/03\/Instalacion-placas-3.jpeg.jpg","contentUrl":"https:\/\/maxorata.es\/wp-content\/uploads\/2021\/03\/Instalacion-placas-3.jpeg.jpg","width":900,"height":675,"caption":"sostenibilidad energ\u00e9tica de Grupo Ganaderos de Fuerteventura"},{"@type":"BreadcrumbList","@id":"https:\/\/maxorata.es\/blog\/sostenibilidad-energetica-grupo-ganaderos-de-fuerteventura\/#breadcrumb","itemListElement":[{"@type":"ListItem","position":1,"name":"Portada","item":"https:\/\/maxorata.es\/"},{"@type":"ListItem","position":2,"name":"La instalaci\u00f3n fotovoltaica: hacia la autosuficiencia y sostenibilidad energ\u00e9tica de Grupo Ganaderos de Fuerteventura"}]},{"@type":"WebSite","@id":"https:\/\/maxorata.es\/#website","url":"https:\/\/maxorata.es\/","name":"Maxorata","description":"Queso majorero y otros productos l\u00e1cteos del Grupo Ganaderos de Fuerteventura","publisher":{"@id":"https:\/\/maxorata.es\/#organization"},"potentialAction":[{"@type":"SearchAction","target":{"@type":"EntryPoint","urlTemplate":"https:\/\/maxorata.es\/?s={search_term_string}"},"query-input":{"@type":"PropertyValueSpecification","valueRequired":true,"valueName":"search_term_string"}}],"inLanguage":"en-GB"},{"@type":"Organization","@id":"https:\/\/maxorata.es\/#organization","name":"Grupo Ganaderos de Fuerteventura S.L","url":"https:\/\/maxorata.es\/","logo":{"@type":"ImageObject","inLanguage":"en-GB","@id":"https:\/\/maxorata.es\/#\/schema\/logo\/image\/","url":"https:\/\/maxorata.es\/wp-content\/uploads\/2018\/05\/logo.jpg","contentUrl":"https:\/\/maxorata.es\/wp-content\/uploads\/2018\/05\/logo.jpg","width":109,"height":77,"caption":"Grupo Ganaderos de Fuerteventura S.L"},"image":{"@id":"https:\/\/maxorata.es\/#\/schema\/logo\/image\/"}},{"@type":"Person","@id":"","url":"https:\/\/maxorata.es\/en\/blog\/author\/"}]}},"_links":{"self":[{"href":"https:\/\/maxorata.es\/en\/wp-json\/wp\/v2\/posts\/5185","targetHints":{"allow":["GET"]}}],"collection":[{"href":"https:\/\/maxorata.es\/en\/wp-json\/wp\/v2\/posts"}],"about":[{"href":"https:\/\/maxorata.es\/en\/wp-json\/wp\/v2\/types\/post"}],"author":[{"embeddable":true,"href":"https:\/\/maxorata.es\/en\/wp-json\/wp\/v2\/users\/1"}],"replies":[{"embeddable":true,"href":"https:\/\/maxorata.es\/en\/wp-json\/wp\/v2\/comments?post=5185"}],"version-history":[{"count":0,"href":"https:\/\/maxorata.es\/en\/wp-json\/wp\/v2\/posts\/5185\/revisions"}],"wp:featuredmedia":[{"embeddable":true,"href":"https:\/\/maxorata.es\/en\/wp-json\/wp\/v2\/media\/5187"}],"wp:attachment":[{"href":"https:\/\/maxorata.es\/en\/wp-json\/wp\/v2\/media?parent=5185"}],"wp:term":[{"taxonomy":"category","embeddable":true,"href":"https:\/\/maxorata.es\/en\/wp-json\/wp\/v2\/categories?post=5185"},{"taxonomy":"post_tag","embeddable":true,"href":"https:\/\/maxorata.es\/en\/wp-json\/wp\/v2\/tags?post=5185"}],"curies":[{"name":"wp","href":"https:\/\/api.w.org\/{rel}","templated":true}]}}