{"id":5237,"date":"2021-07-13T11:28:12","date_gmt":"2021-07-13T10:28:12","guid":{"rendered":"https:\/\/www.maxorata.es\/?p=5237"},"modified":"2021-07-13T11:28:12","modified_gmt":"2021-07-13T10:28:12","slug":"denominacion-de-origen-del-queso-majorero","status":"publish","type":"post","link":"https:\/\/maxorata.es\/en\/blog\/denominacion-de-origen-del-queso-majorero\/","title":{"rendered":"Denominaci\u00f3n de origen del queso Majorero"},"content":{"rendered":"<p>Con este video queremos que entiendas un poco m\u00e1s sobre la denominaci\u00f3n de origen del\u00a0queso majorero. El <a href=\"https:\/\/quesomajorero.es\/\">queso majorero<\/a>, procedente de Fuerteventura, fue el primer queso de cabra,<a href=\"https:\/\/maxorata.es\/blog\/quesos-espanoles-denominacion-de-origen-protegida\/\"> en Espa\u00f1a<\/a>, en conseguir la Denominaci\u00f3n de Origen Protegida. La D.O.P. constituye una certificaci\u00f3n europea para el reconocimiento de un producto de una calidad superior por la singularidad de su materia prima o su elaboraci\u00f3n.<\/p>\n<p>El prestigio de nuestro producto est\u00e1 avalado por la calidad de la materia prima empleada, la leche de cabra majorera, aut\u00f3ctona de Fuerteventura, con unas\u00a0cualidades gen\u00e9ticas excepcionales, y con el delicado esmero en su elaboraci\u00f3n,\u00a0respetando profundamente la tradici\u00f3n artesanal.<\/p>\n<p><iframe loading=\"lazy\" title=\"Primer v\u00eddeo promocional de la Denominaci\u00f3n de origen Queso Majorero\" width=\"1200\" height=\"900\" src=\"https:\/\/www.youtube.com\/embed\/qgfCXCxNgnA?start=20&#038;feature=oembed\" frameborder=\"0\" allow=\"accelerometer; autoplay; clipboard-write; encrypted-media; gyroscope; picture-in-picture\" allowfullscreen><\/iframe><\/p>\n","protected":false},"excerpt":{"rendered":"<p>Con este video queremos que entiendas un poco m\u00e1s sobre la denominaci\u00f3n de origen del\u00a0queso majorero. El queso majorero, procedente de Fuerteventura, fue el primer queso de cabra, en Espa\u00f1a, en conseguir la Denominaci\u00f3n de Origen Protegida. La D.O.P. constituye una certificaci\u00f3n europea para el reconocimiento de un producto de una calidad superior por la&hellip;<\/p>\n","protected":false},"author":1,"featured_media":5244,"comment_status":"closed","ping_status":"closed","sticky":false,"template":"","format":"standard","meta":{"footnotes":""},"categories":[161],"tags":[],"class_list":["post-5237","post","type-post","status-publish","format-standard","has-post-thumbnail","hentry","category-nuestros-quesos","category-161","description-off"],"yoast_head":"<!-- This site is optimized with the Yoast SEO plugin v28.3 - https:\/\/yoast.com\/product\/yoast-seo-wordpress\/ -->\n<title>Denominaci\u00f3n de origen del queso Majorero<\/title>\n<meta name=\"description\" content=\"Con este video queremos que entiendas un poco m\u00e1s sobre la denominaci\u00f3n de origen del\u00a0queso majorero.\" \/>\n<meta name=\"robots\" content=\"index, follow, max-snippet:-1, max-image-preview:large, max-video-preview:-1\" \/>\n<link rel=\"canonical\" href=\"https:\/\/maxorata.es\/en\/blog\/denominacion-de-origen-del-queso-majorero\/\" \/>\n<meta property=\"og:locale\" content=\"en_GB\" \/>\n<meta property=\"og:locale:alternate\" content=\"es_ES\" \/>\n<meta property=\"og:type\" content=\"article\" \/>\n<meta property=\"og:title\" content=\"Denominaci\u00f3n de origen del queso Majorero\" \/>\n<meta property=\"og:description\" content=\"Con este video queremos que entiendas un poco m\u00e1s sobre la denominaci\u00f3n de origen del\u00a0queso majorero.\" \/>\n<meta property=\"og:url\" content=\"https:\/\/maxorata.es\/en\/blog\/denominacion-de-origen-del-queso-majorero\/\" \/>\n<meta property=\"og:site_name\" content=\"Maxorata\" \/>\n<meta property=\"article:published_time\" content=\"2021-07-13T10:28:12+00:00\" \/>\n<meta property=\"og:image\" content=\"https:\/\/maxorata.es\/wp-content\/uploads\/2021\/07\/maxorata-reserva-19-scaled.jpg\" \/>\n\t<meta property=\"og:image:width\" content=\"2560\" \/>\n\t<meta property=\"og:image:height\" content=\"1707\" \/>\n\t<meta property=\"og:image:type\" content=\"image\/jpeg\" \/>\n<meta name=\"twitter:card\" content=\"summary_large_image\" \/>\n<meta name=\"twitter:label1\" content=\"Written by\" \/>\n\t<meta name=\"twitter:data1\" content=\"\" \/>\n\t<meta name=\"twitter:label2\" content=\"Estimated reading time\" \/>\n\t<meta name=\"twitter:data2\" content=\"1 minute\" \/>\n<script type=\"application\/ld+json\" class=\"yoast-schema-graph\">{\"@context\":\"https:\\\/\\\/schema.org\",\"@graph\":[{\"@type\":\"Article\",\"@id\":\"https:\\\/\\\/maxorata.es\\\/en\\\/blog\\\/denominacion-de-origen-del-queso-majorero\\\/#article\",\"isPartOf\":{\"@id\":\"https:\\\/\\\/maxorata.es\\\/en\\\/blog\\\/denominacion-de-origen-del-queso-majorero\\\/\"},\"author\":{\"name\":\"\",\"@id\":\"\"},\"headline\":\"Denominaci\u00f3n de origen del queso Majorero\",\"datePublished\":\"2021-07-13T10:28:12+00:00\",\"mainEntityOfPage\":{\"@id\":\"https:\\\/\\\/maxorata.es\\\/en\\\/blog\\\/denominacion-de-origen-del-queso-majorero\\\/\"},\"wordCount\":135,\"publisher\":{\"@id\":\"https:\\\/\\\/maxorata.es\\\/#organization\"},\"image\":{\"@id\":\"https:\\\/\\\/maxorata.es\\\/en\\\/blog\\\/denominacion-de-origen-del-queso-majorero\\\/#primaryimage\"},\"thumbnailUrl\":\"https:\\\/\\\/maxorata.es\\\/wp-content\\\/uploads\\\/2021\\\/07\\\/maxorata-reserva-19-scaled.jpg\",\"articleSection\":[\"Nuestros quesos\"],\"inLanguage\":\"en-GB\"},{\"@type\":\"WebPage\",\"@id\":\"https:\\\/\\\/maxorata.es\\\/en\\\/blog\\\/denominacion-de-origen-del-queso-majorero\\\/\",\"url\":\"https:\\\/\\\/maxorata.es\\\/en\\\/blog\\\/denominacion-de-origen-del-queso-majorero\\\/\",\"name\":\"Denominaci\u00f3n de origen del queso Majorero\",\"isPartOf\":{\"@id\":\"https:\\\/\\\/maxorata.es\\\/#website\"},\"primaryImageOfPage\":{\"@id\":\"https:\\\/\\\/maxorata.es\\\/en\\\/blog\\\/denominacion-de-origen-del-queso-majorero\\\/#primaryimage\"},\"image\":{\"@id\":\"https:\\\/\\\/maxorata.es\\\/en\\\/blog\\\/denominacion-de-origen-del-queso-majorero\\\/#primaryimage\"},\"thumbnailUrl\":\"https:\\\/\\\/maxorata.es\\\/wp-content\\\/uploads\\\/2021\\\/07\\\/maxorata-reserva-19-scaled.jpg\",\"datePublished\":\"2021-07-13T10:28:12+00:00\",\"description\":\"Con este video queremos que entiendas un poco m\u00e1s sobre la denominaci\u00f3n de origen del\u00a0queso majorero.\",\"breadcrumb\":{\"@id\":\"https:\\\/\\\/maxorata.es\\\/en\\\/blog\\\/denominacion-de-origen-del-queso-majorero\\\/#breadcrumb\"},\"inLanguage\":\"en-GB\",\"potentialAction\":[{\"@type\":\"ReadAction\",\"target\":[\"https:\\\/\\\/maxorata.es\\\/en\\\/blog\\\/denominacion-de-origen-del-queso-majorero\\\/\"]}]},{\"@type\":\"ImageObject\",\"inLanguage\":\"en-GB\",\"@id\":\"https:\\\/\\\/maxorata.es\\\/en\\\/blog\\\/denominacion-de-origen-del-queso-majorero\\\/#primaryimage\",\"url\":\"https:\\\/\\\/maxorata.es\\\/wp-content\\\/uploads\\\/2021\\\/07\\\/maxorata-reserva-19-scaled.jpg\",\"contentUrl\":\"https:\\\/\\\/maxorata.es\\\/wp-content\\\/uploads\\\/2021\\\/07\\\/maxorata-reserva-19-scaled.jpg\",\"width\":2560,\"height\":1707,\"caption\":\"denominaci\u00f3n de origen Queso Majorero\"},{\"@type\":\"BreadcrumbList\",\"@id\":\"https:\\\/\\\/maxorata.es\\\/en\\\/blog\\\/denominacion-de-origen-del-queso-majorero\\\/#breadcrumb\",\"itemListElement\":[{\"@type\":\"ListItem\",\"position\":1,\"name\":\"Portada\",\"item\":\"https:\\\/\\\/maxorata.es\\\/\"},{\"@type\":\"ListItem\",\"position\":2,\"name\":\"Denominaci\u00f3n de origen del queso Majorero\"}]},{\"@type\":\"WebSite\",\"@id\":\"https:\\\/\\\/maxorata.es\\\/#website\",\"url\":\"https:\\\/\\\/maxorata.es\\\/\",\"name\":\"Maxorata\",\"description\":\"Queso majorero y otros productos l\u00e1cteos del Grupo Ganaderos de Fuerteventura\",\"publisher\":{\"@id\":\"https:\\\/\\\/maxorata.es\\\/#organization\"},\"potentialAction\":[{\"@type\":\"SearchAction\",\"target\":{\"@type\":\"EntryPoint\",\"urlTemplate\":\"https:\\\/\\\/maxorata.es\\\/?s={search_term_string}\"},\"query-input\":{\"@type\":\"PropertyValueSpecification\",\"valueRequired\":true,\"valueName\":\"search_term_string\"}}],\"inLanguage\":\"en-GB\"},{\"@type\":\"Organization\",\"@id\":\"https:\\\/\\\/maxorata.es\\\/#organization\",\"name\":\"Grupo Ganaderos de Fuerteventura S.L\",\"url\":\"https:\\\/\\\/maxorata.es\\\/\",\"logo\":{\"@type\":\"ImageObject\",\"inLanguage\":\"en-GB\",\"@id\":\"https:\\\/\\\/maxorata.es\\\/#\\\/schema\\\/logo\\\/image\\\/\",\"url\":\"https:\\\/\\\/maxorata.es\\\/wp-content\\\/uploads\\\/2018\\\/05\\\/logo.jpg\",\"contentUrl\":\"https:\\\/\\\/maxorata.es\\\/wp-content\\\/uploads\\\/2018\\\/05\\\/logo.jpg\",\"width\":109,\"height\":77,\"caption\":\"Grupo Ganaderos de Fuerteventura S.L\"},\"image\":{\"@id\":\"https:\\\/\\\/maxorata.es\\\/#\\\/schema\\\/logo\\\/image\\\/\"}},{\"@type\":\"Person\",\"@id\":\"\",\"url\":\"https:\\\/\\\/maxorata.es\\\/en\\\/blog\\\/author\\\/\"}]}<\/script>\n<!-- \/ Yoast SEO plugin. -->","yoast_head_json":{"title":"Denominaci\u00f3n de origen del queso Majorero","description":"Con este video queremos que entiendas un poco m\u00e1s sobre la denominaci\u00f3n de origen del\u00a0queso majorero.","robots":{"index":"index","follow":"follow","max-snippet":"max-snippet:-1","max-image-preview":"max-image-preview:large","max-video-preview":"max-video-preview:-1"},"canonical":"https:\/\/maxorata.es\/en\/blog\/denominacion-de-origen-del-queso-majorero\/","og_locale":"en_GB","og_type":"article","og_title":"[:es]Denominaci\u00f3n de origen del queso Majorero[:] - Maxorata","og_description":"Con este video queremos que entiendas un poco m\u00e1s sobre la denominaci\u00f3n de origen del\u00a0queso majorero.","og_url":"https:\/\/maxorata.es\/en\/blog\/denominacion-de-origen-del-queso-majorero\/","og_site_name":"Maxorata","article_published_time":"2021-07-13T10:28:12+00:00","og_image":[{"width":2560,"height":1707,"url":"https:\/\/maxorata.es\/wp-content\/uploads\/2021\/07\/maxorata-reserva-19-scaled.jpg","type":"image\/jpeg"}],"twitter_card":"summary_large_image","twitter_misc":{"Written by":"","Estimated reading time":"1 minute"},"schema":{"@context":"https:\/\/schema.org","@graph":[{"@type":"Article","@id":"https:\/\/maxorata.es\/en\/blog\/denominacion-de-origen-del-queso-majorero\/#article","isPartOf":{"@id":"https:\/\/maxorata.es\/en\/blog\/denominacion-de-origen-del-queso-majorero\/"},"author":{"name":"","@id":""},"headline":"Denominaci\u00f3n de origen del queso Majorero","datePublished":"2021-07-13T10:28:12+00:00","mainEntityOfPage":{"@id":"https:\/\/maxorata.es\/en\/blog\/denominacion-de-origen-del-queso-majorero\/"},"wordCount":135,"publisher":{"@id":"https:\/\/maxorata.es\/#organization"},"image":{"@id":"https:\/\/maxorata.es\/en\/blog\/denominacion-de-origen-del-queso-majorero\/#primaryimage"},"thumbnailUrl":"https:\/\/maxorata.es\/wp-content\/uploads\/2021\/07\/maxorata-reserva-19-scaled.jpg","articleSection":["Nuestros quesos"],"inLanguage":"en-GB"},{"@type":"WebPage","@id":"https:\/\/maxorata.es\/en\/blog\/denominacion-de-origen-del-queso-majorero\/","url":"https:\/\/maxorata.es\/en\/blog\/denominacion-de-origen-del-queso-majorero\/","name":"Denominaci\u00f3n de origen del queso Majorero","isPartOf":{"@id":"https:\/\/maxorata.es\/#website"},"primaryImageOfPage":{"@id":"https:\/\/maxorata.es\/en\/blog\/denominacion-de-origen-del-queso-majorero\/#primaryimage"},"image":{"@id":"https:\/\/maxorata.es\/en\/blog\/denominacion-de-origen-del-queso-majorero\/#primaryimage"},"thumbnailUrl":"https:\/\/maxorata.es\/wp-content\/uploads\/2021\/07\/maxorata-reserva-19-scaled.jpg","datePublished":"2021-07-13T10:28:12+00:00","description":"Con este video queremos que entiendas un poco m\u00e1s sobre la denominaci\u00f3n de origen del\u00a0queso majorero.","breadcrumb":{"@id":"https:\/\/maxorata.es\/en\/blog\/denominacion-de-origen-del-queso-majorero\/#breadcrumb"},"inLanguage":"en-GB","potentialAction":[{"@type":"ReadAction","target":["https:\/\/maxorata.es\/en\/blog\/denominacion-de-origen-del-queso-majorero\/"]}]},{"@type":"ImageObject","inLanguage":"en-GB","@id":"https:\/\/maxorata.es\/en\/blog\/denominacion-de-origen-del-queso-majorero\/#primaryimage","url":"https:\/\/maxorata.es\/wp-content\/uploads\/2021\/07\/maxorata-reserva-19-scaled.jpg","contentUrl":"https:\/\/maxorata.es\/wp-content\/uploads\/2021\/07\/maxorata-reserva-19-scaled.jpg","width":2560,"height":1707,"caption":"denominaci\u00f3n de origen Queso Majorero"},{"@type":"BreadcrumbList","@id":"https:\/\/maxorata.es\/en\/blog\/denominacion-de-origen-del-queso-majorero\/#breadcrumb","itemListElement":[{"@type":"ListItem","position":1,"name":"Portada","item":"https:\/\/maxorata.es\/"},{"@type":"ListItem","position":2,"name":"Denominaci\u00f3n de origen del queso Majorero"}]},{"@type":"WebSite","@id":"https:\/\/maxorata.es\/#website","url":"https:\/\/maxorata.es\/","name":"Maxorata","description":"Queso majorero y otros productos l\u00e1cteos del Grupo Ganaderos de Fuerteventura","publisher":{"@id":"https:\/\/maxorata.es\/#organization"},"potentialAction":[{"@type":"SearchAction","target":{"@type":"EntryPoint","urlTemplate":"https:\/\/maxorata.es\/?s={search_term_string}"},"query-input":{"@type":"PropertyValueSpecification","valueRequired":true,"valueName":"search_term_string"}}],"inLanguage":"en-GB"},{"@type":"Organization","@id":"https:\/\/maxorata.es\/#organization","name":"Grupo Ganaderos de Fuerteventura S.L","url":"https:\/\/maxorata.es\/","logo":{"@type":"ImageObject","inLanguage":"en-GB","@id":"https:\/\/maxorata.es\/#\/schema\/logo\/image\/","url":"https:\/\/maxorata.es\/wp-content\/uploads\/2018\/05\/logo.jpg","contentUrl":"https:\/\/maxorata.es\/wp-content\/uploads\/2018\/05\/logo.jpg","width":109,"height":77,"caption":"Grupo Ganaderos de Fuerteventura S.L"},"image":{"@id":"https:\/\/maxorata.es\/#\/schema\/logo\/image\/"}},{"@type":"Person","@id":"","url":"https:\/\/maxorata.es\/en\/blog\/author\/"}]}},"_links":{"self":[{"href":"https:\/\/maxorata.es\/en\/wp-json\/wp\/v2\/posts\/5237","targetHints":{"allow":["GET"]}}],"collection":[{"href":"https:\/\/maxorata.es\/en\/wp-json\/wp\/v2\/posts"}],"about":[{"href":"https:\/\/maxorata.es\/en\/wp-json\/wp\/v2\/types\/post"}],"author":[{"embeddable":true,"href":"https:\/\/maxorata.es\/en\/wp-json\/wp\/v2\/users\/1"}],"replies":[{"embeddable":true,"href":"https:\/\/maxorata.es\/en\/wp-json\/wp\/v2\/comments?post=5237"}],"version-history":[{"count":0,"href":"https:\/\/maxorata.es\/en\/wp-json\/wp\/v2\/posts\/5237\/revisions"}],"wp:featuredmedia":[{"embeddable":true,"href":"https:\/\/maxorata.es\/en\/wp-json\/wp\/v2\/media\/5244"}],"wp:attachment":[{"href":"https:\/\/maxorata.es\/en\/wp-json\/wp\/v2\/media?parent=5237"}],"wp:term":[{"taxonomy":"category","embeddable":true,"href":"https:\/\/maxorata.es\/en\/wp-json\/wp\/v2\/categories?post=5237"},{"taxonomy":"post_tag","embeddable":true,"href":"https:\/\/maxorata.es\/en\/wp-json\/wp\/v2\/tags?post=5237"}],"curies":[{"name":"wp","href":"https:\/\/api.w.org\/{rel}","templated":true}]}}