{"id":5556,"date":"2023-10-23T11:00:59","date_gmt":"2023-10-23T10:00:59","guid":{"rendered":"https:\/\/www.maxorata.es\/?p=5556"},"modified":"2023-10-20T13:25:33","modified_gmt":"2023-10-20T12:25:33","slug":"maxorata-maestro-quesero-fuerteventura","status":"publish","type":"post","link":"https:\/\/maxorata.es\/en\/blog\/maxorata-maestro-quesero-fuerteventura\/","title":{"rendered":"Marcos Mart\u00edn, maestro quesero de Grupo Ganaderos Fuerteventura durante m\u00e1s de 30 a\u00f1os"},"content":{"rendered":"<p style=\"text-align: justify;\">En junio se jubil\u00f3 nuestro querido compa\u00f1ero Marcos Mart\u00edn Torres, maestro quesero de Grupo Ganaderos de Fuerteventura desde su fundaci\u00f3n. Le agradecemos su enorme y fant\u00e1stico trabajo durante todos estos a\u00f1os en Maxorata.<\/p>\n<p style=\"text-align: justify;\"><img loading=\"lazy\" decoding=\"async\" class=\"size-medium wp-image-5558 aligncenter\" src=\"https:\/\/maxorata.es\/wp-content\/uploads\/2023\/10\/Maxorata-maestro-quesero-grupo-ganaderos-de-fuerteventura-3-300x300.jpg\" alt=\"\" width=\"300\" height=\"300\" srcset=\"https:\/\/maxorata.es\/wp-content\/uploads\/2023\/10\/Maxorata-maestro-quesero-grupo-ganaderos-de-fuerteventura-3-300x300.jpg 300w, https:\/\/maxorata.es\/wp-content\/uploads\/2023\/10\/Maxorata-maestro-quesero-grupo-ganaderos-de-fuerteventura-3-100x100.jpg 100w, https:\/\/maxorata.es\/wp-content\/uploads\/2023\/10\/Maxorata-maestro-quesero-grupo-ganaderos-de-fuerteventura-3-768x768.jpg 768w, https:\/\/maxorata.es\/wp-content\/uploads\/2023\/10\/Maxorata-maestro-quesero-grupo-ganaderos-de-fuerteventura-3.jpg 922w\" sizes=\"auto, (max-width: 300px) 100vw, 300px\" \/><\/p>\n<p style=\"text-align: justify;\">Marcos recuerda sus inicios en 1985, <em><strong>\u201ccuando el<\/strong> <a href=\"https:\/\/maxorata.es\/blog\/maxorata-mejor-queso-madurado-de-cabra-de-espana-2023\/\" target=\"_blank\" rel=\"noopener\">queso<\/a> todav\u00eda se elaboraba a mano y con el trapo\u201d.<\/em> Y admite que en la tradici\u00f3n quesera majorera \u201cel cambio en la producci\u00f3n ha sido espectacular, sobre todo con la introducci\u00f3n de mucha tecnolog\u00eda que agiliza algunos procesos pero, sobre todo, garantiza las condiciones de seguridad de los productos que llevamos al mercado, adem\u00e1s de la extraordinaria calidad de los mismos y todo ello sin perder la esencia de la tradici\u00f3n quesera artesanal de Fuerteventura&#8221;.<\/p>\n<p style=\"text-align: justify;\"><img loading=\"lazy\" decoding=\"async\" class=\"size-medium wp-image-5559 aligncenter\" src=\"https:\/\/maxorata.es\/wp-content\/uploads\/2023\/10\/Maxorata-maestro-quesero-grupo-ganaderos-de-fuerteventura-2-300x300.jpg\" alt=\"\" width=\"300\" height=\"300\" srcset=\"https:\/\/maxorata.es\/wp-content\/uploads\/2023\/10\/Maxorata-maestro-quesero-grupo-ganaderos-de-fuerteventura-2-300x300.jpg 300w, https:\/\/maxorata.es\/wp-content\/uploads\/2023\/10\/Maxorata-maestro-quesero-grupo-ganaderos-de-fuerteventura-2-100x100.jpg 100w, https:\/\/maxorata.es\/wp-content\/uploads\/2023\/10\/Maxorata-maestro-quesero-grupo-ganaderos-de-fuerteventura-2-768x768.jpg 768w, https:\/\/maxorata.es\/wp-content\/uploads\/2023\/10\/Maxorata-maestro-quesero-grupo-ganaderos-de-fuerteventura-2.jpg 922w\" sizes=\"auto, (max-width: 300px) 100vw, 300px\" \/><\/p>\n<p style=\"text-align: justify;\">Gracias, Marcos, <a href=\"https:\/\/www.facebook.com\/maxoratacheese\/posts\/pfbid0fKSuxevrsbK7xmRE6HVc7sf9GWM1orAidNSRwVdcLRCLG294VZQZV8QY49ghVwGxl\" target=\"_blank\" rel=\"noopener\">por estos m\u00e1s de 30 a\u00f1os con nosotros<\/a>, por tu esfuerzo y entusiasmo y tu gran contribuci\u00f3n a este proyecto. &#x1f947;&#x2728;<\/p>\n<p>&nbsp;<\/p>\n","protected":false},"excerpt":{"rendered":"<p>En junio se jubil\u00f3 nuestro querido compa\u00f1ero Marcos Mart\u00edn Torres, maestro quesero de Grupo Ganaderos de Fuerteventura desde su fundaci\u00f3n. Le agradecemos su enorme y fant\u00e1stico trabajo durante todos estos a\u00f1os en Maxorata. Marcos recuerda sus inicios en 1985, \u201ccuando el queso todav\u00eda se elaboraba a mano y con el trapo\u201d. Y admite que en&hellip;<\/p>\n","protected":false},"author":1,"featured_media":5557,"comment_status":"closed","ping_status":"closed","sticky":false,"template":"","format":"standard","meta":{"footnotes":""},"categories":[42],"tags":[230,166,235,206,229,178,162,159],"class_list":["post-5556","post","type-post","status-publish","format-standard","has-post-thumbnail","hentry","category-noticias","tag-cabra-majorera","tag-calidad","tag-canarias","tag-conservacion","tag-fuerteventura","tag-historia","tag-maxorata","tag-queso-majorero","category-42","description-off"],"yoast_head":"<!-- This site is optimized with the Yoast SEO plugin v28.3 - https:\/\/yoast.com\/product\/yoast-seo-wordpress\/ -->\n<title>Marcos Mart\u00edn, maestro quesero de Grupo Ganaderos Fuerteventura durante m\u00e1s de 30 a\u00f1os<\/title>\n<meta name=\"description\" content=\"Marcos Mart\u00edn Torres, maestro quesero de Grupo Ganaderos de Fuerteventura Maxorata, se jubil\u00f3 este pasado mes de junio.\" \/>\n<meta name=\"robots\" content=\"index, follow, max-snippet:-1, max-image-preview:large, max-video-preview:-1\" \/>\n<link rel=\"canonical\" href=\"https:\/\/maxorata.es\/en\/blog\/maxorata-maestro-quesero-fuerteventura\/\" \/>\n<meta property=\"og:locale\" content=\"en_GB\" \/>\n<meta property=\"og:locale:alternate\" content=\"es_ES\" \/>\n<meta property=\"og:type\" content=\"article\" \/>\n<meta property=\"og:title\" content=\"Marcos Mart\u00edn, maestro quesero de Grupo Ganaderos Fuerteventura durante m\u00e1s de 30 a\u00f1os\" \/>\n<meta property=\"og:description\" content=\"Marcos Mart\u00edn Torres, maestro quesero de Grupo Ganaderos de Fuerteventura Maxorata, se jubil\u00f3 este pasado mes de junio.\" \/>\n<meta property=\"og:url\" content=\"https:\/\/maxorata.es\/en\/blog\/maxorata-maestro-quesero-fuerteventura\/\" \/>\n<meta property=\"og:site_name\" content=\"Maxorata\" \/>\n<meta property=\"article:published_time\" content=\"2023-10-23T10:00:59+00:00\" \/>\n<meta property=\"og:image\" content=\"https:\/\/maxorata.es\/wp-content\/uploads\/2023\/10\/Maxorata-maestro-quesero-grupo-ganaderos-de-fuerteventura-1.jpg\" \/>\n\t<meta property=\"og:image:width\" content=\"922\" \/>\n\t<meta property=\"og:image:height\" content=\"922\" \/>\n\t<meta property=\"og:image:type\" content=\"image\/jpeg\" \/>\n<meta name=\"twitter:card\" content=\"summary_large_image\" \/>\n<meta name=\"twitter:label1\" content=\"Written by\" \/>\n\t<meta name=\"twitter:data1\" content=\"\" \/>\n\t<meta name=\"twitter:label2\" content=\"Estimated reading time\" \/>\n\t<meta name=\"twitter:data2\" content=\"2 minutes\" \/>\n<script type=\"application\/ld+json\" class=\"yoast-schema-graph\">{\"@context\":\"https:\\\/\\\/schema.org\",\"@graph\":[{\"@type\":\"Article\",\"@id\":\"https:\\\/\\\/maxorata.es\\\/blog\\\/maxorata-maestro-quesero-fuerteventura\\\/#article\",\"isPartOf\":{\"@id\":\"https:\\\/\\\/maxorata.es\\\/blog\\\/maxorata-maestro-quesero-fuerteventura\\\/\"},\"author\":{\"name\":\"\",\"@id\":\"\"},\"headline\":\"Marcos Mart\u00edn, maestro quesero de Grupo Ganaderos Fuerteventura durante m\u00e1s de 30 a\u00f1os\",\"datePublished\":\"2023-10-23T10:00:59+00:00\",\"mainEntityOfPage\":{\"@id\":\"https:\\\/\\\/maxorata.es\\\/blog\\\/maxorata-maestro-quesero-fuerteventura\\\/\"},\"wordCount\":172,\"publisher\":{\"@id\":\"https:\\\/\\\/maxorata.es\\\/#organization\"},\"image\":{\"@id\":\"https:\\\/\\\/maxorata.es\\\/blog\\\/maxorata-maestro-quesero-fuerteventura\\\/#primaryimage\"},\"thumbnailUrl\":\"https:\\\/\\\/maxorata.es\\\/wp-content\\\/uploads\\\/2023\\\/10\\\/Maxorata-maestro-quesero-grupo-ganaderos-de-fuerteventura-1.jpg\",\"keywords\":[\"Cabra majorera\",\"Calidad\",\"Canarias\",\"conservaci\u00f3n\",\"Fuerteventura\",\"historia\",\"Maxorata\",\"Queso majorero\"],\"articleSection\":[\"Noticias\"],\"inLanguage\":\"en-GB\"},{\"@type\":\"WebPage\",\"@id\":\"https:\\\/\\\/maxorata.es\\\/blog\\\/maxorata-maestro-quesero-fuerteventura\\\/\",\"url\":\"https:\\\/\\\/maxorata.es\\\/blog\\\/maxorata-maestro-quesero-fuerteventura\\\/\",\"name\":\"Marcos Mart\u00edn, maestro quesero de Grupo Ganaderos Fuerteventura durante m\u00e1s de 30 a\u00f1os\",\"isPartOf\":{\"@id\":\"https:\\\/\\\/maxorata.es\\\/#website\"},\"primaryImageOfPage\":{\"@id\":\"https:\\\/\\\/maxorata.es\\\/blog\\\/maxorata-maestro-quesero-fuerteventura\\\/#primaryimage\"},\"image\":{\"@id\":\"https:\\\/\\\/maxorata.es\\\/blog\\\/maxorata-maestro-quesero-fuerteventura\\\/#primaryimage\"},\"thumbnailUrl\":\"https:\\\/\\\/maxorata.es\\\/wp-content\\\/uploads\\\/2023\\\/10\\\/Maxorata-maestro-quesero-grupo-ganaderos-de-fuerteventura-1.jpg\",\"datePublished\":\"2023-10-23T10:00:59+00:00\",\"description\":\"Marcos Mart\u00edn Torres, maestro quesero de Grupo Ganaderos de Fuerteventura Maxorata, se jubil\u00f3 este pasado mes de junio.\",\"breadcrumb\":{\"@id\":\"https:\\\/\\\/maxorata.es\\\/blog\\\/maxorata-maestro-quesero-fuerteventura\\\/#breadcrumb\"},\"inLanguage\":\"en-GB\",\"potentialAction\":[{\"@type\":\"ReadAction\",\"target\":[\"https:\\\/\\\/maxorata.es\\\/blog\\\/maxorata-maestro-quesero-fuerteventura\\\/\"]}]},{\"@type\":\"ImageObject\",\"inLanguage\":\"en-GB\",\"@id\":\"https:\\\/\\\/maxorata.es\\\/blog\\\/maxorata-maestro-quesero-fuerteventura\\\/#primaryimage\",\"url\":\"https:\\\/\\\/maxorata.es\\\/wp-content\\\/uploads\\\/2023\\\/10\\\/Maxorata-maestro-quesero-grupo-ganaderos-de-fuerteventura-1.jpg\",\"contentUrl\":\"https:\\\/\\\/maxorata.es\\\/wp-content\\\/uploads\\\/2023\\\/10\\\/Maxorata-maestro-quesero-grupo-ganaderos-de-fuerteventura-1.jpg\",\"width\":922,\"height\":922},{\"@type\":\"BreadcrumbList\",\"@id\":\"https:\\\/\\\/maxorata.es\\\/blog\\\/maxorata-maestro-quesero-fuerteventura\\\/#breadcrumb\",\"itemListElement\":[{\"@type\":\"ListItem\",\"position\":1,\"name\":\"Portada\",\"item\":\"https:\\\/\\\/maxorata.es\\\/\"},{\"@type\":\"ListItem\",\"position\":2,\"name\":\"Marcos Mart\u00edn, maestro quesero de Grupo Ganaderos Fuerteventura durante m\u00e1s de 30 a\u00f1os\"}]},{\"@type\":\"WebSite\",\"@id\":\"https:\\\/\\\/maxorata.es\\\/#website\",\"url\":\"https:\\\/\\\/maxorata.es\\\/\",\"name\":\"Maxorata\",\"description\":\"Queso majorero y otros productos l\u00e1cteos del Grupo Ganaderos de Fuerteventura\",\"publisher\":{\"@id\":\"https:\\\/\\\/maxorata.es\\\/#organization\"},\"potentialAction\":[{\"@type\":\"SearchAction\",\"target\":{\"@type\":\"EntryPoint\",\"urlTemplate\":\"https:\\\/\\\/maxorata.es\\\/?s={search_term_string}\"},\"query-input\":{\"@type\":\"PropertyValueSpecification\",\"valueRequired\":true,\"valueName\":\"search_term_string\"}}],\"inLanguage\":\"en-GB\"},{\"@type\":\"Organization\",\"@id\":\"https:\\\/\\\/maxorata.es\\\/#organization\",\"name\":\"Grupo Ganaderos de Fuerteventura S.L\",\"url\":\"https:\\\/\\\/maxorata.es\\\/\",\"logo\":{\"@type\":\"ImageObject\",\"inLanguage\":\"en-GB\",\"@id\":\"https:\\\/\\\/maxorata.es\\\/#\\\/schema\\\/logo\\\/image\\\/\",\"url\":\"https:\\\/\\\/maxorata.es\\\/wp-content\\\/uploads\\\/2018\\\/05\\\/logo.jpg\",\"contentUrl\":\"https:\\\/\\\/maxorata.es\\\/wp-content\\\/uploads\\\/2018\\\/05\\\/logo.jpg\",\"width\":109,\"height\":77,\"caption\":\"Grupo Ganaderos de Fuerteventura S.L\"},\"image\":{\"@id\":\"https:\\\/\\\/maxorata.es\\\/#\\\/schema\\\/logo\\\/image\\\/\"}},{\"@type\":\"Person\",\"@id\":\"\",\"url\":\"https:\\\/\\\/maxorata.es\\\/en\\\/blog\\\/author\\\/\"}]}<\/script>\n<!-- \/ Yoast SEO plugin. -->","yoast_head_json":{"title":"Marcos Mart\u00edn, maestro quesero de Grupo Ganaderos Fuerteventura durante m\u00e1s de 30 a\u00f1os","description":"Marcos Mart\u00edn Torres, maestro quesero de Grupo Ganaderos de Fuerteventura Maxorata, se jubil\u00f3 este pasado mes de junio.","robots":{"index":"index","follow":"follow","max-snippet":"max-snippet:-1","max-image-preview":"max-image-preview:large","max-video-preview":"max-video-preview:-1"},"canonical":"https:\/\/maxorata.es\/en\/blog\/maxorata-maestro-quesero-fuerteventura\/","og_locale":"en_GB","og_type":"article","og_title":"[:es]Marcos Mart\u00edn, maestro quesero de Grupo Ganaderos Fuerteventura durante m\u00e1s de 30 a\u00f1os[:] - Maxorata","og_description":"Marcos Mart\u00edn Torres, maestro quesero de Grupo Ganaderos de Fuerteventura Maxorata, se jubil\u00f3 este pasado mes de junio.","og_url":"https:\/\/maxorata.es\/en\/blog\/maxorata-maestro-quesero-fuerteventura\/","og_site_name":"Maxorata","article_published_time":"2023-10-23T10:00:59+00:00","og_image":[{"width":922,"height":922,"url":"https:\/\/maxorata.es\/wp-content\/uploads\/2023\/10\/Maxorata-maestro-quesero-grupo-ganaderos-de-fuerteventura-1.jpg","type":"image\/jpeg"}],"twitter_card":"summary_large_image","twitter_misc":{"Written by":"","Estimated reading time":"2 minutes"},"schema":{"@context":"https:\/\/schema.org","@graph":[{"@type":"Article","@id":"https:\/\/maxorata.es\/blog\/maxorata-maestro-quesero-fuerteventura\/#article","isPartOf":{"@id":"https:\/\/maxorata.es\/blog\/maxorata-maestro-quesero-fuerteventura\/"},"author":{"name":"","@id":""},"headline":"Marcos Mart\u00edn, maestro quesero de Grupo Ganaderos Fuerteventura durante m\u00e1s de 30 a\u00f1os","datePublished":"2023-10-23T10:00:59+00:00","mainEntityOfPage":{"@id":"https:\/\/maxorata.es\/blog\/maxorata-maestro-quesero-fuerteventura\/"},"wordCount":172,"publisher":{"@id":"https:\/\/maxorata.es\/#organization"},"image":{"@id":"https:\/\/maxorata.es\/blog\/maxorata-maestro-quesero-fuerteventura\/#primaryimage"},"thumbnailUrl":"https:\/\/maxorata.es\/wp-content\/uploads\/2023\/10\/Maxorata-maestro-quesero-grupo-ganaderos-de-fuerteventura-1.jpg","keywords":["Cabra majorera","Calidad","Canarias","conservaci\u00f3n","Fuerteventura","historia","Maxorata","Queso majorero"],"articleSection":["Noticias"],"inLanguage":"en-GB"},{"@type":"WebPage","@id":"https:\/\/maxorata.es\/blog\/maxorata-maestro-quesero-fuerteventura\/","url":"https:\/\/maxorata.es\/blog\/maxorata-maestro-quesero-fuerteventura\/","name":"Marcos Mart\u00edn, maestro quesero de Grupo Ganaderos Fuerteventura durante m\u00e1s de 30 a\u00f1os","isPartOf":{"@id":"https:\/\/maxorata.es\/#website"},"primaryImageOfPage":{"@id":"https:\/\/maxorata.es\/blog\/maxorata-maestro-quesero-fuerteventura\/#primaryimage"},"image":{"@id":"https:\/\/maxorata.es\/blog\/maxorata-maestro-quesero-fuerteventura\/#primaryimage"},"thumbnailUrl":"https:\/\/maxorata.es\/wp-content\/uploads\/2023\/10\/Maxorata-maestro-quesero-grupo-ganaderos-de-fuerteventura-1.jpg","datePublished":"2023-10-23T10:00:59+00:00","description":"Marcos Mart\u00edn Torres, maestro quesero de Grupo Ganaderos de Fuerteventura Maxorata, se jubil\u00f3 este pasado mes de junio.","breadcrumb":{"@id":"https:\/\/maxorata.es\/blog\/maxorata-maestro-quesero-fuerteventura\/#breadcrumb"},"inLanguage":"en-GB","potentialAction":[{"@type":"ReadAction","target":["https:\/\/maxorata.es\/blog\/maxorata-maestro-quesero-fuerteventura\/"]}]},{"@type":"ImageObject","inLanguage":"en-GB","@id":"https:\/\/maxorata.es\/blog\/maxorata-maestro-quesero-fuerteventura\/#primaryimage","url":"https:\/\/maxorata.es\/wp-content\/uploads\/2023\/10\/Maxorata-maestro-quesero-grupo-ganaderos-de-fuerteventura-1.jpg","contentUrl":"https:\/\/maxorata.es\/wp-content\/uploads\/2023\/10\/Maxorata-maestro-quesero-grupo-ganaderos-de-fuerteventura-1.jpg","width":922,"height":922},{"@type":"BreadcrumbList","@id":"https:\/\/maxorata.es\/blog\/maxorata-maestro-quesero-fuerteventura\/#breadcrumb","itemListElement":[{"@type":"ListItem","position":1,"name":"Portada","item":"https:\/\/maxorata.es\/"},{"@type":"ListItem","position":2,"name":"Marcos Mart\u00edn, maestro quesero de Grupo Ganaderos Fuerteventura durante m\u00e1s de 30 a\u00f1os"}]},{"@type":"WebSite","@id":"https:\/\/maxorata.es\/#website","url":"https:\/\/maxorata.es\/","name":"Maxorata","description":"Queso majorero y otros productos l\u00e1cteos del Grupo Ganaderos de Fuerteventura","publisher":{"@id":"https:\/\/maxorata.es\/#organization"},"potentialAction":[{"@type":"SearchAction","target":{"@type":"EntryPoint","urlTemplate":"https:\/\/maxorata.es\/?s={search_term_string}"},"query-input":{"@type":"PropertyValueSpecification","valueRequired":true,"valueName":"search_term_string"}}],"inLanguage":"en-GB"},{"@type":"Organization","@id":"https:\/\/maxorata.es\/#organization","name":"Grupo Ganaderos de Fuerteventura S.L","url":"https:\/\/maxorata.es\/","logo":{"@type":"ImageObject","inLanguage":"en-GB","@id":"https:\/\/maxorata.es\/#\/schema\/logo\/image\/","url":"https:\/\/maxorata.es\/wp-content\/uploads\/2018\/05\/logo.jpg","contentUrl":"https:\/\/maxorata.es\/wp-content\/uploads\/2018\/05\/logo.jpg","width":109,"height":77,"caption":"Grupo Ganaderos de Fuerteventura S.L"},"image":{"@id":"https:\/\/maxorata.es\/#\/schema\/logo\/image\/"}},{"@type":"Person","@id":"","url":"https:\/\/maxorata.es\/en\/blog\/author\/"}]}},"_links":{"self":[{"href":"https:\/\/maxorata.es\/en\/wp-json\/wp\/v2\/posts\/5556","targetHints":{"allow":["GET"]}}],"collection":[{"href":"https:\/\/maxorata.es\/en\/wp-json\/wp\/v2\/posts"}],"about":[{"href":"https:\/\/maxorata.es\/en\/wp-json\/wp\/v2\/types\/post"}],"author":[{"embeddable":true,"href":"https:\/\/maxorata.es\/en\/wp-json\/wp\/v2\/users\/1"}],"replies":[{"embeddable":true,"href":"https:\/\/maxorata.es\/en\/wp-json\/wp\/v2\/comments?post=5556"}],"version-history":[{"count":0,"href":"https:\/\/maxorata.es\/en\/wp-json\/wp\/v2\/posts\/5556\/revisions"}],"wp:featuredmedia":[{"embeddable":true,"href":"https:\/\/maxorata.es\/en\/wp-json\/wp\/v2\/media\/5557"}],"wp:attachment":[{"href":"https:\/\/maxorata.es\/en\/wp-json\/wp\/v2\/media?parent=5556"}],"wp:term":[{"taxonomy":"category","embeddable":true,"href":"https:\/\/maxorata.es\/en\/wp-json\/wp\/v2\/categories?post=5556"},{"taxonomy":"post_tag","embeddable":true,"href":"https:\/\/maxorata.es\/en\/wp-json\/wp\/v2\/tags?post=5556"}],"curies":[{"name":"wp","href":"https:\/\/api.w.org\/{rel}","templated":true}]}}