{"id":5629,"date":"2024-04-01T14:03:42","date_gmt":"2024-04-01T13:03:42","guid":{"rendered":"https:\/\/www.maxorata.es\/?p=5629"},"modified":"2024-04-01T14:03:42","modified_gmt":"2024-04-01T13:03:42","slug":"maxorata-delicia-edicion-alimentaria","status":"publish","type":"post","link":"https:\/\/maxorata.es\/en\/blog\/maxorata-delicia-edicion-alimentaria\/","title":{"rendered":"Maxorata, una delicia para los asistentes de una nueva edici\u00f3n de Alimentaria"},"content":{"rendered":"<p style=\"text-align: justify;\"><span style=\"font-weight: 400;\">\u00a0El Grupo Ganaderos de Fuerteventura, Maxorata, asisti\u00f3 el pasado mes de marzo a la feria Alimentaria &amp; Hostelco, una plataforma de negocios internacional l\u00edder en alimentaci\u00f3n, bebidas, &#8216;food service&#8217; y equipamiento hostelero. La cita se celebr\u00f3 en el recinto Gran V\u00eda de Fira de Barcelona.<\/span><span style=\"font-weight: 400;\"><br \/>\n<\/span><span style=\"font-weight: 400;\"><br \/>\n<\/span><span style=\"font-weight: 400;\">En este evento, los visitantes a la feria pudieron disfrutar de una gama importante de nuestros quesos, donde podemos destacar a nuestro <\/span><b>Tofio semicurado con gofio<\/b><span style=\"font-weight: 400;\">, que ha sido recientemente galardonado con el 1.er lugar en la categor\u00eda de \u201cQuesos de leche de cabra semicurados, aromatizados\u201d en el <\/span><b>World Championship Cheese Contest<\/b><span style=\"font-weight: 400;\"> y <\/span><span style=\"font-weight: 400;\">el <\/span><b>Maxorata curado con piment\u00f3n<\/b><span style=\"font-weight: 400;\">, que recibi\u00f3 el 3.er lugar en la categor\u00eda de \u201cQuesos curados de cabra, aromatizados\u201d, el 1.er puesto <\/span><span style=\"font-weight: 400;\">en el concurso internacional de quesos <\/span><a href=\"https:\/\/worldcheeseawards.com\/wca-results\"><span style=\"font-weight: 400;\">World Cheese Awards<\/span><\/a><span style=\"font-weight: 400;\"> 2023 y <\/span><span style=\"font-weight: 400;\">el 1.er premio en la modalidad \u00ab<a href=\"https:\/\/maxorata.es\/blog\/maxorata-mejor-queso-madurado-de-cabra-espana-2023\/\" target=\"_blank\" rel=\"noopener\">Queso madurado de cabra<\/a>\u00bb, dentro de la categor\u00eda \u00abAlimentos de Espa\u00f1a Mejores Quesos 2023<\/span><span style=\"font-weight: 400;\">\u201d (premios del Ministerio de Agricultura, Pesca y Alimentaci\u00f3n).<\/span><\/p>\n<p style=\"text-align: justify;\"><span style=\"font-weight: 400;\"><img loading=\"lazy\" decoding=\"async\" class=\"wp-image-5631  aligncenter\" src=\"https:\/\/maxorata.es\/wp-content\/uploads\/2024\/04\/Alimentaria-2024-maxorata-1.jpeg\" alt=\"\" width=\"1013\" height=\"677\" srcset=\"https:\/\/maxorata.es\/wp-content\/uploads\/2024\/04\/Alimentaria-2024-maxorata-1.jpeg 1600w, https:\/\/maxorata.es\/wp-content\/uploads\/2024\/04\/Alimentaria-2024-maxorata-1-300x200.jpeg 300w, https:\/\/maxorata.es\/wp-content\/uploads\/2024\/04\/Alimentaria-2024-maxorata-1-1024x684.jpeg 1024w, https:\/\/maxorata.es\/wp-content\/uploads\/2024\/04\/Alimentaria-2024-maxorata-1-768x513.jpeg 768w, https:\/\/maxorata.es\/wp-content\/uploads\/2024\/04\/Alimentaria-2024-maxorata-1-1536x1026.jpeg 1536w\" sizes=\"auto, (max-width: 1013px) 100vw, 1013px\" \/><br \/>\n<\/span><span style=\"font-weight: 400;\"><br \/>\n<\/span><span style=\"font-weight: 400;\">Esta feria Alimentaria &amp; Hostelco se ha caracterizado por tener un incremento de la oferta extranjera del 15% respecto a la anterior edici\u00f3n. De las 3.200 compa\u00f1\u00edas expositoras 900 fueron internacionales. Nuestra presencia en un evento de tal magnitud es clave para que sigan conociendo la riqueza de los productos canarios en todo el mundo. Hay que recordar que el Queso Majorero es desde siempre uno de los alimentos m\u00e1s valorados de la gastronom\u00eda canaria. <a href=\"https:\/\/maxorata.es\/queso-majorero\/\" target=\"_blank\" rel=\"noopener\">La Denominaci\u00f3n de Origen Queso Majorero<\/a>\u00a0est\u00e1 reconocida desde el 16 de febrero de 1996, la m\u00e1s antigua de quesos de cabra de Espa\u00f1a.\u00a0<\/span><\/p>\n","protected":false},"excerpt":{"rendered":"<p>\u00a0El Grupo Ganaderos de Fuerteventura, Maxorata, asisti\u00f3 el pasado mes de marzo a la feria Alimentaria &amp; Hostelco, una plataforma de negocios internacional l\u00edder en alimentaci\u00f3n, bebidas, &#8216;food service&#8217; y equipamiento hostelero. La cita se celebr\u00f3 en el recinto Gran V\u00eda de Fira de Barcelona. En este evento, los visitantes a la feria pudieron disfrutar&hellip;<\/p>\n","protected":false},"author":1,"featured_media":5632,"comment_status":"closed","ping_status":"closed","sticky":false,"template":"","format":"standard","meta":{"footnotes":""},"categories":[42],"tags":[230,235,200,232,236,231,157,162],"class_list":["post-5629","post","type-post","status-publish","format-standard","has-post-thumbnail","hentry","category-noticias","tag-cabra-majorera","tag-canarias","tag-el-tofio","tag-grupo-ganaderos-fuerteventura","tag-islas-canarias","tag-maxorata-curado-con-pimenton","tag-maxorata-curado","tag-maxorata","category-42","description-off"],"yoast_head":"<!-- This site is optimized with the Yoast SEO plugin v28.3 - https:\/\/yoast.com\/product\/yoast-seo-wordpress\/ -->\n<title>Maxorata, una delicia para los asistentes de una nueva edici\u00f3n de Alimentaria<\/title>\n<meta name=\"description\" content=\"Maxorata, asisti\u00f3 el pasado mes de marzo a la feria Alimentaria &amp; Hostelco, una plataforma de negocios internacional l\u00edder en alimentaci\u00f3n.\" \/>\n<meta name=\"robots\" content=\"index, follow, max-snippet:-1, max-image-preview:large, max-video-preview:-1\" \/>\n<link rel=\"canonical\" href=\"https:\/\/maxorata.es\/en\/blog\/maxorata-delicia-edicion-alimentaria\/\" \/>\n<meta property=\"og:locale\" content=\"en_GB\" \/>\n<meta property=\"og:locale:alternate\" content=\"es_ES\" \/>\n<meta property=\"og:type\" content=\"article\" \/>\n<meta property=\"og:title\" content=\"Maxorata, una delicia para los asistentes de una nueva edici\u00f3n de Alimentaria\" \/>\n<meta property=\"og:description\" content=\"Maxorata, asisti\u00f3 el pasado mes de marzo a la feria Alimentaria &amp; Hostelco, una plataforma de negocios internacional l\u00edder en alimentaci\u00f3n.\" \/>\n<meta property=\"og:url\" content=\"https:\/\/maxorata.es\/en\/blog\/maxorata-delicia-edicion-alimentaria\/\" \/>\n<meta property=\"og:site_name\" content=\"Maxorata\" \/>\n<meta property=\"article:published_time\" content=\"2024-04-01T13:03:42+00:00\" \/>\n<meta property=\"og:image\" content=\"https:\/\/maxorata.es\/wp-content\/uploads\/2024\/04\/Portadas-blog-Maxorata-alimentaria.jpg\" \/>\n\t<meta property=\"og:image:width\" content=\"922\" \/>\n\t<meta property=\"og:image:height\" content=\"922\" \/>\n\t<meta property=\"og:image:type\" content=\"image\/jpeg\" \/>\n<meta name=\"twitter:card\" content=\"summary_large_image\" \/>\n<meta name=\"twitter:label1\" content=\"Written by\" \/>\n\t<meta name=\"twitter:data1\" content=\"\" \/>\n\t<meta name=\"twitter:label2\" content=\"Estimated reading time\" \/>\n\t<meta name=\"twitter:data2\" content=\"2 minutes\" \/>\n<script type=\"application\/ld+json\" class=\"yoast-schema-graph\">{\"@context\":\"https:\\\/\\\/schema.org\",\"@graph\":[{\"@type\":\"Article\",\"@id\":\"https:\\\/\\\/maxorata.es\\\/blog\\\/maxorata-delicia-edicion-alimentaria\\\/#article\",\"isPartOf\":{\"@id\":\"https:\\\/\\\/maxorata.es\\\/blog\\\/maxorata-delicia-edicion-alimentaria\\\/\"},\"author\":{\"name\":\"\",\"@id\":\"\"},\"headline\":\"Maxorata, una delicia para los asistentes de una nueva edici\u00f3n de Alimentaria\",\"datePublished\":\"2024-04-01T13:03:42+00:00\",\"mainEntityOfPage\":{\"@id\":\"https:\\\/\\\/maxorata.es\\\/blog\\\/maxorata-delicia-edicion-alimentaria\\\/\"},\"wordCount\":282,\"publisher\":{\"@id\":\"https:\\\/\\\/maxorata.es\\\/#organization\"},\"image\":{\"@id\":\"https:\\\/\\\/maxorata.es\\\/blog\\\/maxorata-delicia-edicion-alimentaria\\\/#primaryimage\"},\"thumbnailUrl\":\"https:\\\/\\\/maxorata.es\\\/wp-content\\\/uploads\\\/2024\\\/04\\\/Portadas-blog-Maxorata-alimentaria.jpg\",\"keywords\":[\"Cabra majorera\",\"Canarias\",\"El Tofio\",\"Grupo Ganaderos fuerteventura\",\"Islas Canarias.\",\"Maxorata curado con piment\u00f3n\",\"Maxorata Curado\",\"Maxorata\"],\"articleSection\":[\"Noticias\"],\"inLanguage\":\"en-GB\"},{\"@type\":\"WebPage\",\"@id\":\"https:\\\/\\\/maxorata.es\\\/blog\\\/maxorata-delicia-edicion-alimentaria\\\/\",\"url\":\"https:\\\/\\\/maxorata.es\\\/blog\\\/maxorata-delicia-edicion-alimentaria\\\/\",\"name\":\"Maxorata, una delicia para los asistentes de una nueva edici\u00f3n de Alimentaria\",\"isPartOf\":{\"@id\":\"https:\\\/\\\/maxorata.es\\\/#website\"},\"primaryImageOfPage\":{\"@id\":\"https:\\\/\\\/maxorata.es\\\/blog\\\/maxorata-delicia-edicion-alimentaria\\\/#primaryimage\"},\"image\":{\"@id\":\"https:\\\/\\\/maxorata.es\\\/blog\\\/maxorata-delicia-edicion-alimentaria\\\/#primaryimage\"},\"thumbnailUrl\":\"https:\\\/\\\/maxorata.es\\\/wp-content\\\/uploads\\\/2024\\\/04\\\/Portadas-blog-Maxorata-alimentaria.jpg\",\"datePublished\":\"2024-04-01T13:03:42+00:00\",\"description\":\"Maxorata, asisti\u00f3 el pasado mes de marzo a la feria Alimentaria & Hostelco, una plataforma de negocios internacional l\u00edder en alimentaci\u00f3n.\",\"breadcrumb\":{\"@id\":\"https:\\\/\\\/maxorata.es\\\/blog\\\/maxorata-delicia-edicion-alimentaria\\\/#breadcrumb\"},\"inLanguage\":\"en-GB\",\"potentialAction\":[{\"@type\":\"ReadAction\",\"target\":[\"https:\\\/\\\/maxorata.es\\\/blog\\\/maxorata-delicia-edicion-alimentaria\\\/\"]}]},{\"@type\":\"ImageObject\",\"inLanguage\":\"en-GB\",\"@id\":\"https:\\\/\\\/maxorata.es\\\/blog\\\/maxorata-delicia-edicion-alimentaria\\\/#primaryimage\",\"url\":\"https:\\\/\\\/maxorata.es\\\/wp-content\\\/uploads\\\/2024\\\/04\\\/Portadas-blog-Maxorata-alimentaria.jpg\",\"contentUrl\":\"https:\\\/\\\/maxorata.es\\\/wp-content\\\/uploads\\\/2024\\\/04\\\/Portadas-blog-Maxorata-alimentaria.jpg\",\"width\":922,\"height\":922},{\"@type\":\"BreadcrumbList\",\"@id\":\"https:\\\/\\\/maxorata.es\\\/blog\\\/maxorata-delicia-edicion-alimentaria\\\/#breadcrumb\",\"itemListElement\":[{\"@type\":\"ListItem\",\"position\":1,\"name\":\"Portada\",\"item\":\"https:\\\/\\\/maxorata.es\\\/\"},{\"@type\":\"ListItem\",\"position\":2,\"name\":\"Maxorata, una delicia para los asistentes de una nueva edici\u00f3n de Alimentaria\"}]},{\"@type\":\"WebSite\",\"@id\":\"https:\\\/\\\/maxorata.es\\\/#website\",\"url\":\"https:\\\/\\\/maxorata.es\\\/\",\"name\":\"Maxorata\",\"description\":\"Queso majorero y otros productos l\u00e1cteos del Grupo Ganaderos de Fuerteventura\",\"publisher\":{\"@id\":\"https:\\\/\\\/maxorata.es\\\/#organization\"},\"potentialAction\":[{\"@type\":\"SearchAction\",\"target\":{\"@type\":\"EntryPoint\",\"urlTemplate\":\"https:\\\/\\\/maxorata.es\\\/?s={search_term_string}\"},\"query-input\":{\"@type\":\"PropertyValueSpecification\",\"valueRequired\":true,\"valueName\":\"search_term_string\"}}],\"inLanguage\":\"en-GB\"},{\"@type\":\"Organization\",\"@id\":\"https:\\\/\\\/maxorata.es\\\/#organization\",\"name\":\"Grupo Ganaderos de Fuerteventura S.L\",\"url\":\"https:\\\/\\\/maxorata.es\\\/\",\"logo\":{\"@type\":\"ImageObject\",\"inLanguage\":\"en-GB\",\"@id\":\"https:\\\/\\\/maxorata.es\\\/#\\\/schema\\\/logo\\\/image\\\/\",\"url\":\"https:\\\/\\\/maxorata.es\\\/wp-content\\\/uploads\\\/2018\\\/05\\\/logo.jpg\",\"contentUrl\":\"https:\\\/\\\/maxorata.es\\\/wp-content\\\/uploads\\\/2018\\\/05\\\/logo.jpg\",\"width\":109,\"height\":77,\"caption\":\"Grupo Ganaderos de Fuerteventura S.L\"},\"image\":{\"@id\":\"https:\\\/\\\/maxorata.es\\\/#\\\/schema\\\/logo\\\/image\\\/\"}},{\"@type\":\"Person\",\"@id\":\"\",\"url\":\"https:\\\/\\\/maxorata.es\\\/en\\\/blog\\\/author\\\/\"}]}<\/script>\n<!-- \/ Yoast SEO plugin. -->","yoast_head_json":{"title":"Maxorata, una delicia para los asistentes de una nueva edici\u00f3n de Alimentaria","description":"Maxorata, asisti\u00f3 el pasado mes de marzo a la feria Alimentaria & Hostelco, una plataforma de negocios internacional l\u00edder en alimentaci\u00f3n.","robots":{"index":"index","follow":"follow","max-snippet":"max-snippet:-1","max-image-preview":"max-image-preview:large","max-video-preview":"max-video-preview:-1"},"canonical":"https:\/\/maxorata.es\/en\/blog\/maxorata-delicia-edicion-alimentaria\/","og_locale":"en_GB","og_type":"article","og_title":"[:es]Maxorata, una delicia para los asistentes de una nueva edici\u00f3n de Alimentaria[:] - Maxorata","og_description":"Maxorata, asisti\u00f3 el pasado mes de marzo a la feria Alimentaria & Hostelco, una plataforma de negocios internacional l\u00edder en alimentaci\u00f3n.","og_url":"https:\/\/maxorata.es\/en\/blog\/maxorata-delicia-edicion-alimentaria\/","og_site_name":"Maxorata","article_published_time":"2024-04-01T13:03:42+00:00","og_image":[{"width":922,"height":922,"url":"https:\/\/maxorata.es\/wp-content\/uploads\/2024\/04\/Portadas-blog-Maxorata-alimentaria.jpg","type":"image\/jpeg"}],"twitter_card":"summary_large_image","twitter_misc":{"Written by":"","Estimated reading time":"2 minutes"},"schema":{"@context":"https:\/\/schema.org","@graph":[{"@type":"Article","@id":"https:\/\/maxorata.es\/blog\/maxorata-delicia-edicion-alimentaria\/#article","isPartOf":{"@id":"https:\/\/maxorata.es\/blog\/maxorata-delicia-edicion-alimentaria\/"},"author":{"name":"","@id":""},"headline":"Maxorata, una delicia para los asistentes de una nueva edici\u00f3n de Alimentaria","datePublished":"2024-04-01T13:03:42+00:00","mainEntityOfPage":{"@id":"https:\/\/maxorata.es\/blog\/maxorata-delicia-edicion-alimentaria\/"},"wordCount":282,"publisher":{"@id":"https:\/\/maxorata.es\/#organization"},"image":{"@id":"https:\/\/maxorata.es\/blog\/maxorata-delicia-edicion-alimentaria\/#primaryimage"},"thumbnailUrl":"https:\/\/maxorata.es\/wp-content\/uploads\/2024\/04\/Portadas-blog-Maxorata-alimentaria.jpg","keywords":["Cabra majorera","Canarias","El Tofio","Grupo Ganaderos fuerteventura","Islas Canarias.","Maxorata curado con piment\u00f3n","Maxorata Curado","Maxorata"],"articleSection":["Noticias"],"inLanguage":"en-GB"},{"@type":"WebPage","@id":"https:\/\/maxorata.es\/blog\/maxorata-delicia-edicion-alimentaria\/","url":"https:\/\/maxorata.es\/blog\/maxorata-delicia-edicion-alimentaria\/","name":"Maxorata, una delicia para los asistentes de una nueva edici\u00f3n de Alimentaria","isPartOf":{"@id":"https:\/\/maxorata.es\/#website"},"primaryImageOfPage":{"@id":"https:\/\/maxorata.es\/blog\/maxorata-delicia-edicion-alimentaria\/#primaryimage"},"image":{"@id":"https:\/\/maxorata.es\/blog\/maxorata-delicia-edicion-alimentaria\/#primaryimage"},"thumbnailUrl":"https:\/\/maxorata.es\/wp-content\/uploads\/2024\/04\/Portadas-blog-Maxorata-alimentaria.jpg","datePublished":"2024-04-01T13:03:42+00:00","description":"Maxorata, asisti\u00f3 el pasado mes de marzo a la feria Alimentaria & Hostelco, una plataforma de negocios internacional l\u00edder en alimentaci\u00f3n.","breadcrumb":{"@id":"https:\/\/maxorata.es\/blog\/maxorata-delicia-edicion-alimentaria\/#breadcrumb"},"inLanguage":"en-GB","potentialAction":[{"@type":"ReadAction","target":["https:\/\/maxorata.es\/blog\/maxorata-delicia-edicion-alimentaria\/"]}]},{"@type":"ImageObject","inLanguage":"en-GB","@id":"https:\/\/maxorata.es\/blog\/maxorata-delicia-edicion-alimentaria\/#primaryimage","url":"https:\/\/maxorata.es\/wp-content\/uploads\/2024\/04\/Portadas-blog-Maxorata-alimentaria.jpg","contentUrl":"https:\/\/maxorata.es\/wp-content\/uploads\/2024\/04\/Portadas-blog-Maxorata-alimentaria.jpg","width":922,"height":922},{"@type":"BreadcrumbList","@id":"https:\/\/maxorata.es\/blog\/maxorata-delicia-edicion-alimentaria\/#breadcrumb","itemListElement":[{"@type":"ListItem","position":1,"name":"Portada","item":"https:\/\/maxorata.es\/"},{"@type":"ListItem","position":2,"name":"Maxorata, una delicia para los asistentes de una nueva edici\u00f3n de Alimentaria"}]},{"@type":"WebSite","@id":"https:\/\/maxorata.es\/#website","url":"https:\/\/maxorata.es\/","name":"Maxorata","description":"Queso majorero y otros productos l\u00e1cteos del Grupo Ganaderos de Fuerteventura","publisher":{"@id":"https:\/\/maxorata.es\/#organization"},"potentialAction":[{"@type":"SearchAction","target":{"@type":"EntryPoint","urlTemplate":"https:\/\/maxorata.es\/?s={search_term_string}"},"query-input":{"@type":"PropertyValueSpecification","valueRequired":true,"valueName":"search_term_string"}}],"inLanguage":"en-GB"},{"@type":"Organization","@id":"https:\/\/maxorata.es\/#organization","name":"Grupo Ganaderos de Fuerteventura S.L","url":"https:\/\/maxorata.es\/","logo":{"@type":"ImageObject","inLanguage":"en-GB","@id":"https:\/\/maxorata.es\/#\/schema\/logo\/image\/","url":"https:\/\/maxorata.es\/wp-content\/uploads\/2018\/05\/logo.jpg","contentUrl":"https:\/\/maxorata.es\/wp-content\/uploads\/2018\/05\/logo.jpg","width":109,"height":77,"caption":"Grupo Ganaderos de Fuerteventura S.L"},"image":{"@id":"https:\/\/maxorata.es\/#\/schema\/logo\/image\/"}},{"@type":"Person","@id":"","url":"https:\/\/maxorata.es\/en\/blog\/author\/"}]}},"_links":{"self":[{"href":"https:\/\/maxorata.es\/en\/wp-json\/wp\/v2\/posts\/5629","targetHints":{"allow":["GET"]}}],"collection":[{"href":"https:\/\/maxorata.es\/en\/wp-json\/wp\/v2\/posts"}],"about":[{"href":"https:\/\/maxorata.es\/en\/wp-json\/wp\/v2\/types\/post"}],"author":[{"embeddable":true,"href":"https:\/\/maxorata.es\/en\/wp-json\/wp\/v2\/users\/1"}],"replies":[{"embeddable":true,"href":"https:\/\/maxorata.es\/en\/wp-json\/wp\/v2\/comments?post=5629"}],"version-history":[{"count":0,"href":"https:\/\/maxorata.es\/en\/wp-json\/wp\/v2\/posts\/5629\/revisions"}],"wp:featuredmedia":[{"embeddable":true,"href":"https:\/\/maxorata.es\/en\/wp-json\/wp\/v2\/media\/5632"}],"wp:attachment":[{"href":"https:\/\/maxorata.es\/en\/wp-json\/wp\/v2\/media?parent=5629"}],"wp:term":[{"taxonomy":"category","embeddable":true,"href":"https:\/\/maxorata.es\/en\/wp-json\/wp\/v2\/categories?post=5629"},{"taxonomy":"post_tag","embeddable":true,"href":"https:\/\/maxorata.es\/en\/wp-json\/wp\/v2\/tags?post=5629"}],"curies":[{"name":"wp","href":"https:\/\/api.w.org\/{rel}","templated":true}]}}