{"id":5634,"date":"2024-04-15T13:51:48","date_gmt":"2024-04-15T12:51:48","guid":{"rendered":"https:\/\/www.maxorata.es\/?p=5634"},"modified":"2024-04-15T13:51:48","modified_gmt":"2024-04-15T12:51:48","slug":"inlac-lanza-la-campana-te-lo-agradece","status":"publish","type":"post","link":"https:\/\/maxorata.es\/en\/blog\/inlac-lanza-la-campana-te-lo-agradece\/","title":{"rendered":"Inlac lanza la campa\u00f1a \u201cTe lo agradece\u201d"},"content":{"rendered":"<p style=\"text-align: justify;\"><span style=\"font-weight: 400;\">La <a href=\"https:\/\/inlac.es\/\" target=\"_blank\" rel=\"noopener\">organizaci\u00f3n Interprofesional l\u00e1ctea<\/a>, que engloba a todo el sector l\u00e1cteo espa\u00f1ol cuyos miembros representan tanto a la rama productora, a los ganaderos, como a la transformadora, cooperativas e industrias, InLac, da comienzo su campa\u00f1a \u201cTe lo agradece\u201d, que tiene como objetivo principal fomentar el consumo de todo tipo de alimentos l\u00e1cteos (3 al d\u00eda) y recordar el impacto positivo que esto tiene para nuestro medio rural si, adem\u00e1s, son de <a href=\"https:\/\/maxorata.es\/mision-vision-y-valores\/\" target=\"_blank\" rel=\"noopener\">origen espa\u00f1ol<\/a>.<\/span><\/p>\n<h2 style=\"text-align: justify;\">Consumo de todo tipo de alimentos l\u00e1cteos<\/h2>\n<p style=\"text-align: justify;\"><span style=\"font-weight: 400;\">Cuando eliges l\u00e1cteos espa\u00f1oles, est\u00e1s dando futuro a nuestros pueblos, a miles de familias y a un sector principal de nuestra econom\u00eda. Adem\u00e1s, el consumo de productos l\u00e1cteos, como leche, yogur y queso, es importante por varias razones:<\/span><\/p>\n<ul>\n<li style=\"text-align: justify;\"><span style=\"font-weight: 400;\">Son una fuente de calcio y otros nutrientes esenciales como prote\u00ednas de alta calidad, vitamina D, vitamina B12, potasio y f\u00f3sforo.<\/span><\/li>\n<li style=\"text-align: justify;\"><span style=\"font-weight: 400;\">El calcio es esencial para la formaci\u00f3n y el mantenimiento de huesos fuertes.\u00a0<\/span><\/li>\n<li style=\"text-align: justify;\"><span style=\"font-weight: 400;\">Contribuyen a la salud cardiovascular, posiblemente debido a los efectos beneficiosos de ciertos componentes de los l\u00e1cteos, como el calcio, el potasio y las prote\u00ednas l\u00e1cteas.<\/span><\/li>\n<li style=\"text-align: justify;\"><span style=\"font-weight: 400;\">Son un apoyo a una dieta equilibrada y variada, proporcionando nutrientes esenciales que son importantes para el funcionamiento adecuado del cuerpo.<\/span><\/li>\n<\/ul>\n<p><iframe loading=\"lazy\" title=\"La\u0301cteos de origen espan\u0303ol - 30 seg\" width=\"1200\" height=\"675\" src=\"https:\/\/www.youtube.com\/embed\/GHa7xJF40T8?feature=oembed\" frameborder=\"0\" allow=\"accelerometer; autoplay; clipboard-write; encrypted-media; gyroscope; picture-in-picture; web-share\" referrerpolicy=\"strict-origin-when-cross-origin\" allowfullscreen><\/iframe><\/p>\n<h2><strong>El mundo rural &#8220;Te lo agradece&#8221;<\/strong><\/h2>\n<p>El consumo de l\u00e1cteos en el medio rural espa\u00f1ol puede ser de gran importancia tanto para las empresas como para las comunidades locales por distintas cuestiones:<\/p>\n<ul>\n<li><strong>Generaci\u00f3n de empleo:<\/strong> La producci\u00f3n l\u00e1ctea en el medio rural requiere una mano de obra significativa, desde la producci\u00f3n primaria hasta el procesamiento y la distribuci\u00f3n.<\/li>\n<li><strong>Est\u00edmulo para la econom\u00eda local:<\/strong> Las empresas l\u00e1cteas en el medio rural pueden impulsar la econom\u00eda local al comprar materias primas, como leche de ganaderos locales, y al ofrecer productos l\u00e1cteos a la comunidad.<\/li>\n<li><strong>Fomento de la agricultura sostenible:<\/strong> La producci\u00f3n l\u00e1ctea en el medio rural puede estar asociada con pr\u00e1cticas agr\u00edcolas sostenibles, como la rotaci\u00f3n de cultivos, el uso eficiente del agua y la gesti\u00f3n adecuada de los residuos.<\/li>\n<li><strong>Apoyo a la seguridad alimentaria:<\/strong> El suministro local de productos l\u00e1cteos puede contribuir a la seguridad alimentaria de la comunidad, especialmente en \u00e1reas donde el acceso a alimentos frescos y nutritivos puede ser limitado.<\/li>\n<li><strong>Promoci\u00f3n del turismo rural:<\/strong> Las empresas l\u00e1cteas en el medio rural pueden diversificar sus actividades ofreciendo experiencias tur\u00edsticas, como visitas a granjas y actividades relacionadas con la producci\u00f3n l\u00e1ctea.<\/li>\n<\/ul>\n<p>En resumen, el consumo de l\u00e1cteos en el medio rural es beneficioso tanto para las empresas como para las comunidades locales al impulsar el empleo, estimular la econom\u00eda, fomentar la agricultura sostenible, apoyar la seguridad alimentaria y promover el turismo rural.<\/p>\n","protected":false},"excerpt":{"rendered":"<p>La organizaci\u00f3n Interprofesional l\u00e1ctea, que engloba a todo el sector l\u00e1cteo espa\u00f1ol cuyos miembros representan tanto a la rama productora, a los ganaderos, como a la transformadora, cooperativas e industrias, InLac, da comienzo su campa\u00f1a \u201cTe lo agradece\u201d, que tiene como objetivo principal fomentar el consumo de todo tipo de alimentos l\u00e1cteos (3 al d\u00eda)&hellip;<\/p>\n","protected":false},"author":1,"featured_media":5635,"comment_status":"closed","ping_status":"closed","sticky":false,"template":"","format":"standard","meta":{"footnotes":""},"categories":[42],"tags":[230,239,236,162],"class_list":["post-5634","post","type-post","status-publish","format-standard","has-post-thumbnail","hentry","category-noticias","tag-cabra-majorera","tag-inlac","tag-islas-canarias","tag-maxorata","category-42","description-off"],"yoast_head":"<!-- This site is optimized with the Yoast SEO plugin v28.3 - https:\/\/yoast.com\/product\/yoast-seo-wordpress\/ -->\n<title>Inlac lanza la campa\u00f1a \u201cTe lo agradece\u201d<\/title>\n<meta name=\"description\" content=\"InLac lanza su campa\u00f1a \u201cTe lo agradece\u201d, que tiene como objetivo principal fomentar el consumo de todo tipo de l\u00e1cteos.\" \/>\n<meta name=\"robots\" content=\"index, follow, max-snippet:-1, max-image-preview:large, max-video-preview:-1\" \/>\n<link rel=\"canonical\" href=\"https:\/\/maxorata.es\/en\/blog\/inlac-lanza-la-campana-te-lo-agradece\/\" \/>\n<meta property=\"og:locale\" content=\"en_GB\" \/>\n<meta property=\"og:locale:alternate\" content=\"es_ES\" \/>\n<meta property=\"og:type\" content=\"article\" \/>\n<meta property=\"og:title\" content=\"Inlac lanza la campa\u00f1a \u201cTe lo agradece\u201d\" \/>\n<meta property=\"og:description\" content=\"InLac lanza su campa\u00f1a \u201cTe lo agradece\u201d, que tiene como objetivo principal fomentar el consumo de todo tipo de l\u00e1cteos.\" \/>\n<meta property=\"og:url\" content=\"https:\/\/maxorata.es\/en\/blog\/inlac-lanza-la-campana-te-lo-agradece\/\" \/>\n<meta property=\"og:site_name\" content=\"Maxorata\" \/>\n<meta property=\"article:published_time\" content=\"2024-04-15T12:51:48+00:00\" \/>\n<meta property=\"og:image\" content=\"https:\/\/maxorata.es\/wp-content\/uploads\/2024\/04\/Inlac-lanza-la-campana-Te-lo-agradece.jpg\" \/>\n\t<meta property=\"og:image:width\" content=\"922\" \/>\n\t<meta property=\"og:image:height\" content=\"922\" \/>\n\t<meta property=\"og:image:type\" content=\"image\/jpeg\" \/>\n<meta name=\"twitter:card\" content=\"summary_large_image\" \/>\n<meta name=\"twitter:label1\" content=\"Written by\" \/>\n\t<meta name=\"twitter:data1\" content=\"\" \/>\n\t<meta name=\"twitter:label2\" content=\"Estimated reading time\" \/>\n\t<meta name=\"twitter:data2\" content=\"3 minutes\" \/>\n<script type=\"application\/ld+json\" class=\"yoast-schema-graph\">{\"@context\":\"https:\\\/\\\/schema.org\",\"@graph\":[{\"@type\":\"Article\",\"@id\":\"https:\\\/\\\/maxorata.es\\\/blog\\\/inlac-lanza-la-campana-te-lo-agradece\\\/#article\",\"isPartOf\":{\"@id\":\"https:\\\/\\\/maxorata.es\\\/blog\\\/inlac-lanza-la-campana-te-lo-agradece\\\/\"},\"author\":{\"name\":\"\",\"@id\":\"\"},\"headline\":\"Inlac lanza la campa\u00f1a \u201cTe lo agradece\u201d\",\"datePublished\":\"2024-04-15T12:51:48+00:00\",\"mainEntityOfPage\":{\"@id\":\"https:\\\/\\\/maxorata.es\\\/blog\\\/inlac-lanza-la-campana-te-lo-agradece\\\/\"},\"wordCount\":499,\"publisher\":{\"@id\":\"https:\\\/\\\/maxorata.es\\\/#organization\"},\"image\":{\"@id\":\"https:\\\/\\\/maxorata.es\\\/blog\\\/inlac-lanza-la-campana-te-lo-agradece\\\/#primaryimage\"},\"thumbnailUrl\":\"https:\\\/\\\/maxorata.es\\\/wp-content\\\/uploads\\\/2024\\\/04\\\/Inlac-lanza-la-campana-Te-lo-agradece.jpg\",\"keywords\":[\"Cabra majorera\",\"Inlac\",\"Islas Canarias.\",\"Maxorata\"],\"articleSection\":[\"Noticias\"],\"inLanguage\":\"en-GB\"},{\"@type\":\"WebPage\",\"@id\":\"https:\\\/\\\/maxorata.es\\\/blog\\\/inlac-lanza-la-campana-te-lo-agradece\\\/\",\"url\":\"https:\\\/\\\/maxorata.es\\\/blog\\\/inlac-lanza-la-campana-te-lo-agradece\\\/\",\"name\":\"Inlac lanza la campa\u00f1a \u201cTe lo agradece\u201d\",\"isPartOf\":{\"@id\":\"https:\\\/\\\/maxorata.es\\\/#website\"},\"primaryImageOfPage\":{\"@id\":\"https:\\\/\\\/maxorata.es\\\/blog\\\/inlac-lanza-la-campana-te-lo-agradece\\\/#primaryimage\"},\"image\":{\"@id\":\"https:\\\/\\\/maxorata.es\\\/blog\\\/inlac-lanza-la-campana-te-lo-agradece\\\/#primaryimage\"},\"thumbnailUrl\":\"https:\\\/\\\/maxorata.es\\\/wp-content\\\/uploads\\\/2024\\\/04\\\/Inlac-lanza-la-campana-Te-lo-agradece.jpg\",\"datePublished\":\"2024-04-15T12:51:48+00:00\",\"description\":\"InLac lanza su campa\u00f1a \u201cTe lo agradece\u201d, que tiene como objetivo principal fomentar el consumo de todo tipo de l\u00e1cteos.\",\"breadcrumb\":{\"@id\":\"https:\\\/\\\/maxorata.es\\\/blog\\\/inlac-lanza-la-campana-te-lo-agradece\\\/#breadcrumb\"},\"inLanguage\":\"en-GB\",\"potentialAction\":[{\"@type\":\"ReadAction\",\"target\":[\"https:\\\/\\\/maxorata.es\\\/blog\\\/inlac-lanza-la-campana-te-lo-agradece\\\/\"]}]},{\"@type\":\"ImageObject\",\"inLanguage\":\"en-GB\",\"@id\":\"https:\\\/\\\/maxorata.es\\\/blog\\\/inlac-lanza-la-campana-te-lo-agradece\\\/#primaryimage\",\"url\":\"https:\\\/\\\/maxorata.es\\\/wp-content\\\/uploads\\\/2024\\\/04\\\/Inlac-lanza-la-campana-Te-lo-agradece.jpg\",\"contentUrl\":\"https:\\\/\\\/maxorata.es\\\/wp-content\\\/uploads\\\/2024\\\/04\\\/Inlac-lanza-la-campana-Te-lo-agradece.jpg\",\"width\":922,\"height\":922,\"caption\":\"xr:d:DAFxyy2R0Ms:23,j:2691325722807484033,t:24041512\"},{\"@type\":\"BreadcrumbList\",\"@id\":\"https:\\\/\\\/maxorata.es\\\/blog\\\/inlac-lanza-la-campana-te-lo-agradece\\\/#breadcrumb\",\"itemListElement\":[{\"@type\":\"ListItem\",\"position\":1,\"name\":\"Portada\",\"item\":\"https:\\\/\\\/maxorata.es\\\/\"},{\"@type\":\"ListItem\",\"position\":2,\"name\":\"Inlac lanza la campa\u00f1a \u201cTe lo agradece\u201d\"}]},{\"@type\":\"WebSite\",\"@id\":\"https:\\\/\\\/maxorata.es\\\/#website\",\"url\":\"https:\\\/\\\/maxorata.es\\\/\",\"name\":\"Maxorata\",\"description\":\"Queso majorero y otros productos l\u00e1cteos del Grupo Ganaderos de Fuerteventura\",\"publisher\":{\"@id\":\"https:\\\/\\\/maxorata.es\\\/#organization\"},\"potentialAction\":[{\"@type\":\"SearchAction\",\"target\":{\"@type\":\"EntryPoint\",\"urlTemplate\":\"https:\\\/\\\/maxorata.es\\\/?s={search_term_string}\"},\"query-input\":{\"@type\":\"PropertyValueSpecification\",\"valueRequired\":true,\"valueName\":\"search_term_string\"}}],\"inLanguage\":\"en-GB\"},{\"@type\":\"Organization\",\"@id\":\"https:\\\/\\\/maxorata.es\\\/#organization\",\"name\":\"Grupo Ganaderos de Fuerteventura S.L\",\"url\":\"https:\\\/\\\/maxorata.es\\\/\",\"logo\":{\"@type\":\"ImageObject\",\"inLanguage\":\"en-GB\",\"@id\":\"https:\\\/\\\/maxorata.es\\\/#\\\/schema\\\/logo\\\/image\\\/\",\"url\":\"https:\\\/\\\/maxorata.es\\\/wp-content\\\/uploads\\\/2018\\\/05\\\/logo.jpg\",\"contentUrl\":\"https:\\\/\\\/maxorata.es\\\/wp-content\\\/uploads\\\/2018\\\/05\\\/logo.jpg\",\"width\":109,\"height\":77,\"caption\":\"Grupo Ganaderos de Fuerteventura S.L\"},\"image\":{\"@id\":\"https:\\\/\\\/maxorata.es\\\/#\\\/schema\\\/logo\\\/image\\\/\"}},{\"@type\":\"Person\",\"@id\":\"\",\"url\":\"https:\\\/\\\/maxorata.es\\\/en\\\/blog\\\/author\\\/\"}]}<\/script>\n<!-- \/ Yoast SEO plugin. -->","yoast_head_json":{"title":"Inlac lanza la campa\u00f1a \u201cTe lo agradece\u201d","description":"InLac lanza su campa\u00f1a \u201cTe lo agradece\u201d, que tiene como objetivo principal fomentar el consumo de todo tipo de l\u00e1cteos.","robots":{"index":"index","follow":"follow","max-snippet":"max-snippet:-1","max-image-preview":"max-image-preview:large","max-video-preview":"max-video-preview:-1"},"canonical":"https:\/\/maxorata.es\/en\/blog\/inlac-lanza-la-campana-te-lo-agradece\/","og_locale":"en_GB","og_type":"article","og_title":"[:es]Inlac lanza la campa\u00f1a \u201cTe lo agradece\u201d[:] - Maxorata","og_description":"[:es]InLac lanza su campa\u00f1a \u201cTe lo agradece\u201d, que tiene como objetivo principal fomentar el consumo de todo tipo de l\u00e1cteos.[:]","og_url":"https:\/\/maxorata.es\/en\/blog\/inlac-lanza-la-campana-te-lo-agradece\/","og_site_name":"Maxorata","article_published_time":"2024-04-15T12:51:48+00:00","og_image":[{"width":922,"height":922,"url":"https:\/\/maxorata.es\/wp-content\/uploads\/2024\/04\/Inlac-lanza-la-campana-Te-lo-agradece.jpg","type":"image\/jpeg"}],"twitter_card":"summary_large_image","twitter_misc":{"Written by":"","Estimated reading time":"3 minutes"},"schema":{"@context":"https:\/\/schema.org","@graph":[{"@type":"Article","@id":"https:\/\/maxorata.es\/blog\/inlac-lanza-la-campana-te-lo-agradece\/#article","isPartOf":{"@id":"https:\/\/maxorata.es\/blog\/inlac-lanza-la-campana-te-lo-agradece\/"},"author":{"name":"","@id":""},"headline":"Inlac lanza la campa\u00f1a \u201cTe lo agradece\u201d","datePublished":"2024-04-15T12:51:48+00:00","mainEntityOfPage":{"@id":"https:\/\/maxorata.es\/blog\/inlac-lanza-la-campana-te-lo-agradece\/"},"wordCount":499,"publisher":{"@id":"https:\/\/maxorata.es\/#organization"},"image":{"@id":"https:\/\/maxorata.es\/blog\/inlac-lanza-la-campana-te-lo-agradece\/#primaryimage"},"thumbnailUrl":"https:\/\/maxorata.es\/wp-content\/uploads\/2024\/04\/Inlac-lanza-la-campana-Te-lo-agradece.jpg","keywords":["Cabra majorera","Inlac","Islas Canarias.","Maxorata"],"articleSection":["Noticias"],"inLanguage":"en-GB"},{"@type":"WebPage","@id":"https:\/\/maxorata.es\/blog\/inlac-lanza-la-campana-te-lo-agradece\/","url":"https:\/\/maxorata.es\/blog\/inlac-lanza-la-campana-te-lo-agradece\/","name":"Inlac lanza la campa\u00f1a \u201cTe lo agradece\u201d","isPartOf":{"@id":"https:\/\/maxorata.es\/#website"},"primaryImageOfPage":{"@id":"https:\/\/maxorata.es\/blog\/inlac-lanza-la-campana-te-lo-agradece\/#primaryimage"},"image":{"@id":"https:\/\/maxorata.es\/blog\/inlac-lanza-la-campana-te-lo-agradece\/#primaryimage"},"thumbnailUrl":"https:\/\/maxorata.es\/wp-content\/uploads\/2024\/04\/Inlac-lanza-la-campana-Te-lo-agradece.jpg","datePublished":"2024-04-15T12:51:48+00:00","description":"InLac lanza su campa\u00f1a \u201cTe lo agradece\u201d, que tiene como objetivo principal fomentar el consumo de todo tipo de l\u00e1cteos.","breadcrumb":{"@id":"https:\/\/maxorata.es\/blog\/inlac-lanza-la-campana-te-lo-agradece\/#breadcrumb"},"inLanguage":"en-GB","potentialAction":[{"@type":"ReadAction","target":["https:\/\/maxorata.es\/blog\/inlac-lanza-la-campana-te-lo-agradece\/"]}]},{"@type":"ImageObject","inLanguage":"en-GB","@id":"https:\/\/maxorata.es\/blog\/inlac-lanza-la-campana-te-lo-agradece\/#primaryimage","url":"https:\/\/maxorata.es\/wp-content\/uploads\/2024\/04\/Inlac-lanza-la-campana-Te-lo-agradece.jpg","contentUrl":"https:\/\/maxorata.es\/wp-content\/uploads\/2024\/04\/Inlac-lanza-la-campana-Te-lo-agradece.jpg","width":922,"height":922,"caption":"xr:d:DAFxyy2R0Ms:23,j:2691325722807484033,t:24041512"},{"@type":"BreadcrumbList","@id":"https:\/\/maxorata.es\/blog\/inlac-lanza-la-campana-te-lo-agradece\/#breadcrumb","itemListElement":[{"@type":"ListItem","position":1,"name":"Portada","item":"https:\/\/maxorata.es\/"},{"@type":"ListItem","position":2,"name":"Inlac lanza la campa\u00f1a \u201cTe lo agradece\u201d"}]},{"@type":"WebSite","@id":"https:\/\/maxorata.es\/#website","url":"https:\/\/maxorata.es\/","name":"Maxorata","description":"Queso majorero y otros productos l\u00e1cteos del Grupo Ganaderos de Fuerteventura","publisher":{"@id":"https:\/\/maxorata.es\/#organization"},"potentialAction":[{"@type":"SearchAction","target":{"@type":"EntryPoint","urlTemplate":"https:\/\/maxorata.es\/?s={search_term_string}"},"query-input":{"@type":"PropertyValueSpecification","valueRequired":true,"valueName":"search_term_string"}}],"inLanguage":"en-GB"},{"@type":"Organization","@id":"https:\/\/maxorata.es\/#organization","name":"Grupo Ganaderos de Fuerteventura S.L","url":"https:\/\/maxorata.es\/","logo":{"@type":"ImageObject","inLanguage":"en-GB","@id":"https:\/\/maxorata.es\/#\/schema\/logo\/image\/","url":"https:\/\/maxorata.es\/wp-content\/uploads\/2018\/05\/logo.jpg","contentUrl":"https:\/\/maxorata.es\/wp-content\/uploads\/2018\/05\/logo.jpg","width":109,"height":77,"caption":"Grupo Ganaderos de Fuerteventura S.L"},"image":{"@id":"https:\/\/maxorata.es\/#\/schema\/logo\/image\/"}},{"@type":"Person","@id":"","url":"https:\/\/maxorata.es\/en\/blog\/author\/"}]}},"_links":{"self":[{"href":"https:\/\/maxorata.es\/en\/wp-json\/wp\/v2\/posts\/5634","targetHints":{"allow":["GET"]}}],"collection":[{"href":"https:\/\/maxorata.es\/en\/wp-json\/wp\/v2\/posts"}],"about":[{"href":"https:\/\/maxorata.es\/en\/wp-json\/wp\/v2\/types\/post"}],"author":[{"embeddable":true,"href":"https:\/\/maxorata.es\/en\/wp-json\/wp\/v2\/users\/1"}],"replies":[{"embeddable":true,"href":"https:\/\/maxorata.es\/en\/wp-json\/wp\/v2\/comments?post=5634"}],"version-history":[{"count":0,"href":"https:\/\/maxorata.es\/en\/wp-json\/wp\/v2\/posts\/5634\/revisions"}],"wp:featuredmedia":[{"embeddable":true,"href":"https:\/\/maxorata.es\/en\/wp-json\/wp\/v2\/media\/5635"}],"wp:attachment":[{"href":"https:\/\/maxorata.es\/en\/wp-json\/wp\/v2\/media?parent=5634"}],"wp:term":[{"taxonomy":"category","embeddable":true,"href":"https:\/\/maxorata.es\/en\/wp-json\/wp\/v2\/categories?post=5634"},{"taxonomy":"post_tag","embeddable":true,"href":"https:\/\/maxorata.es\/en\/wp-json\/wp\/v2\/tags?post=5634"}],"curies":[{"name":"wp","href":"https:\/\/api.w.org\/{rel}","templated":true}]}}