{"id":5643,"date":"2024-04-29T12:14:13","date_gmt":"2024-04-29T11:14:13","guid":{"rendered":"https:\/\/www.maxorata.es\/?p=5643"},"modified":"2024-04-29T12:14:13","modified_gmt":"2024-04-29T11:14:13","slug":"selectum-pimenton-medalla-de-bronce-en-el-mejor-queso-de-espana","status":"publish","type":"post","link":"https:\/\/maxorata.es\/en\/blog\/selectum-pimenton-medalla-de-bronce-en-el-mejor-queso-de-espana\/","title":{"rendered":"\u201cSelectum Piment\u00f3n\u201d, medalla de bronce en \u2018El Mejor Queso de Espa\u00f1a\u2019"},"content":{"rendered":"<p style=\"text-align: justify;\"><span style=\"font-weight: 400;\">El queso &#8220;Selectum Piment\u00f3n&#8221; del Grupo Ganaderos de Fuerteventura, Maxorata, ha sido premiado con la <\/span><span style=\"font-weight: 400;\">Medalla de bronce en \u2018El Mejor Queso de Espa\u00f1a\u2019, en la categor\u00eda mezcla semicurado.<\/span><\/p>\n<p style=\"text-align: justify;\"><span style=\"font-weight: 400;\">En la 37\u00aa edici\u00f3n del Sal\u00f3n Gourmets de Madrid, que se celebr\u00f3 la semana pasada, se <\/span><span style=\"font-weight: 400;\">establecieron en las distintas categor\u00edas los nombres para saber cu\u00e1l es el \u2018Mejor Queso de Espa\u00f1a\u2019. Han sido 20 categor\u00edas y en la de Mezcla Semicurado Piment\u00f3n, Selectum de Grupo Ganaderos de Fuerteventura ha conseguido la medalla de bronce, <\/span><span style=\"font-weight: 400;\">confirmando una vez m\u00e1s la calidad extraordinaria de nuestros productos.<\/span><\/p>\n<blockquote class=\"instagram-media\" style=\"background: #FFF; border: 0; border-radius: 3px; box-shadow: 0 0 1px 0 rgba(0,0,0,0.5),0 1px 10px 0 rgba(0,0,0,0.15); margin: 1px; max-width: 540px; min-width: 326px; padding: 0; width: calc(100% - 2px);\" data-instgrm-captioned=\"\" data-instgrm-permalink=\"https:\/\/www.instagram.com\/p\/C6Lvg9vocPk\/?utm_source=ig_embed&amp;utm_campaign=loading\" data-instgrm-version=\"14\">\n<div style=\"padding: 16px;\">\n<p>&nbsp;<\/p>\n<div style=\"display: flex; flex-direction: row; align-items: center;\">\n<div style=\"background-color: #f4f4f4; border-radius: 50%; flex-grow: 0; height: 40px; margin-right: 14px; width: 40px;\"><\/div>\n<div style=\"display: flex; flex-direction: column; flex-grow: 1; justify-content: center;\">\n<div style=\"background-color: #f4f4f4; border-radius: 4px; flex-grow: 0; height: 14px; margin-bottom: 6px; width: 100px;\"><\/div>\n<div style=\"background-color: #f4f4f4; border-radius: 4px; flex-grow: 0; height: 14px; width: 60px;\"><\/div>\n<\/div>\n<\/div>\n<div style=\"padding: 19% 0;\"><\/div>\n<div style=\"display: block; height: 50px; margin: 0 auto 12px; width: 50px;\"><\/div>\n<div style=\"padding-top: 8px;\">\n<div style=\"color: #3897f0; font-family: Arial,sans-serif; font-size: 14px; font-style: normal; font-weight: 550; line-height: 18px;\">Ver esta publicaci\u00f3n en Instagram<\/div>\n<\/div>\n<div style=\"padding: 12.5% 0;\"><\/div>\n<div style=\"display: flex; flex-direction: row; margin-bottom: 14px; align-items: center;\">\n<div>\n<div style=\"background-color: #f4f4f4; border-radius: 50%; height: 12.5px; width: 12.5px; transform: translateX(0px) translateY(7px);\"><\/div>\n<div style=\"background-color: #f4f4f4; height: 12.5px; transform: rotate(-45deg) translateX(3px) translateY(1px); width: 12.5px; flex-grow: 0; margin-right: 14px; margin-left: 2px;\"><\/div>\n<div style=\"background-color: #f4f4f4; border-radius: 50%; height: 12.5px; width: 12.5px; transform: translateX(9px) translateY(-18px);\"><\/div>\n<\/div>\n<div style=\"margin-left: 8px;\">\n<div style=\"background-color: #f4f4f4; border-radius: 50%; flex-grow: 0; height: 20px; width: 20px;\"><\/div>\n<div style=\"width: 0; height: 0; border-top: 2px solid transparent; border-left: 6px solid #f4f4f4; border-bottom: 2px solid transparent; transform: translateX(16px) translateY(-4px) rotate(30deg);\"><\/div>\n<\/div>\n<div style=\"margin-left: auto;\">\n<div style=\"width: 0px; border-top: 8px solid #F4F4F4; border-right: 8px solid transparent; transform: translateY(16px);\"><\/div>\n<div style=\"background-color: #f4f4f4; flex-grow: 0; height: 12px; width: 16px; transform: translateY(-4px);\"><\/div>\n<div style=\"width: 0; height: 0; border-top: 8px solid #F4F4F4; border-left: 8px solid transparent; transform: translateY(-4px) translateX(8px);\"><\/div>\n<\/div>\n<\/div>\n<div style=\"display: flex; flex-direction: column; flex-grow: 1; justify-content: center; margin-bottom: 24px;\">\n<div style=\"background-color: #f4f4f4; border-radius: 4px; flex-grow: 0; height: 14px; margin-bottom: 6px; width: 224px;\"><\/div>\n<div style=\"background-color: #f4f4f4; border-radius: 4px; flex-grow: 0; height: 14px; width: 144px;\"><\/div>\n<\/div>\n<p>&nbsp;<\/p>\n<p style=\"color: #c9c8cd; font-family: Arial,sans-serif; font-size: 14px; line-height: 17px; margin-bottom: 0; margin-top: 8px; overflow: hidden; padding: 8px 0 7px; text-align: center; text-overflow: ellipsis; white-space: nowrap;\"><a style=\"color: #c9c8cd; font-family: Arial,sans-serif; font-size: 14px; font-style: normal; font-weight: normal; line-height: 17px; text-decoration: none;\" href=\"https:\/\/www.instagram.com\/p\/C6Lvg9vocPk\/?utm_source=ig_embed&amp;utm_campaign=loading\" target=\"_blank\" rel=\"noopener\">Una publicaci\u00f3n compartida de Cabildo de Fuerteventura (@cabildoftv)<\/a><\/p>\n<\/div>\n<\/blockquote>\n<p><script async src=\"\/\/www.instagram.com\/embed.js\"><\/script><\/p>\n<p><span style=\"font-weight: 400;\">Del certamen, de Sal\u00f3n Gourmets y de todo lo relacionado con la actualidad hablaron en el Especial de Onda Fuerteventura desde Madrid Nuria Gonz\u00e1lez y el gerente de SAT Ganaderos de Fuerteventura, Quesos Maxorata, Esteban Alberto:<\/span><\/p>\n<p><a href=\"https:\/\/fb.watch\/rLb-uKDbIb\/\">Saborea Fuerteventura ESPECIAL Onda Fuerteventura desde el Sal\u00f3n Gourmet<\/a><\/p>\n","protected":false},"excerpt":{"rendered":"<p>El queso &#8220;Selectum Piment\u00f3n&#8221; del Grupo Ganaderos de Fuerteventura, Maxorata, ha sido premiado con la Medalla de bronce en \u2018El Mejor Queso de Espa\u00f1a\u2019, en la categor\u00eda mezcla semicurado. En la 37\u00aa edici\u00f3n del Sal\u00f3n Gourmets de Madrid, que se celebr\u00f3 la semana pasada, se establecieron en las distintas categor\u00edas los nombres para saber cu\u00e1l&hellip;<\/p>\n","protected":false},"author":1,"featured_media":5644,"comment_status":"closed","ping_status":"closed","sticky":false,"template":"","format":"standard","meta":{"footnotes":""},"categories":[42],"tags":[],"class_list":["post-5643","post","type-post","status-publish","format-standard","has-post-thumbnail","hentry","category-noticias","category-42","description-off"],"yoast_head":"<!-- This site is optimized with the Yoast SEO plugin v28.3 - https:\/\/yoast.com\/product\/yoast-seo-wordpress\/ -->\n<title>\u201cSelectum Piment\u00f3n\u201d, medalla de bronce en \u2018El Mejor Queso de Espa\u00f1a\u2019<\/title>\n<meta name=\"description\" content=\"El &quot;Selectum Piment\u00f3n&quot;, de Maxorata, ha sido premiado con la Medalla de bronce en \u2018El Mejor Queso de Espa\u00f1a\u2019.\" \/>\n<meta name=\"robots\" content=\"index, follow, max-snippet:-1, max-image-preview:large, max-video-preview:-1\" \/>\n<link rel=\"canonical\" href=\"https:\/\/maxorata.es\/en\/blog\/selectum-pimenton-medalla-de-bronce-en-el-mejor-queso-de-espana\/\" \/>\n<meta property=\"og:locale\" content=\"en_GB\" \/>\n<meta property=\"og:locale:alternate\" content=\"es_ES\" \/>\n<meta property=\"og:type\" content=\"article\" \/>\n<meta property=\"og:title\" content=\"\u201cSelectum Piment\u00f3n\u201d, medalla de bronce en \u2018El Mejor Queso de Espa\u00f1a\u2019\" \/>\n<meta property=\"og:description\" content=\"El &quot;Selectum Piment\u00f3n&quot;, de Maxorata, ha sido premiado con la Medalla de bronce en \u2018El Mejor Queso de Espa\u00f1a\u2019.\" \/>\n<meta property=\"og:url\" content=\"https:\/\/maxorata.es\/en\/blog\/selectum-pimenton-medalla-de-bronce-en-el-mejor-queso-de-espana\/\" \/>\n<meta property=\"og:site_name\" content=\"Maxorata\" \/>\n<meta property=\"article:published_time\" content=\"2024-04-29T11:14:13+00:00\" \/>\n<meta property=\"og:image\" content=\"https:\/\/maxorata.es\/wp-content\/uploads\/2024\/04\/Maxorata-Salon-Gourmet-Selectum-pimenton.jpg\" \/>\n\t<meta property=\"og:image:width\" content=\"922\" \/>\n\t<meta property=\"og:image:height\" content=\"922\" \/>\n\t<meta property=\"og:image:type\" content=\"image\/jpeg\" \/>\n<meta name=\"twitter:card\" content=\"summary_large_image\" \/>\n<meta name=\"twitter:label1\" content=\"Written by\" \/>\n\t<meta name=\"twitter:data1\" content=\"\" \/>\n\t<meta name=\"twitter:label2\" content=\"Estimated reading time\" \/>\n\t<meta name=\"twitter:data2\" content=\"1 minute\" \/>\n<script type=\"application\/ld+json\" class=\"yoast-schema-graph\">{\"@context\":\"https:\\\/\\\/schema.org\",\"@graph\":[{\"@type\":\"Article\",\"@id\":\"https:\\\/\\\/maxorata.es\\\/blog\\\/selectum-pimenton-medalla-de-bronce-en-el-mejor-queso-de-espana\\\/#article\",\"isPartOf\":{\"@id\":\"https:\\\/\\\/maxorata.es\\\/blog\\\/selectum-pimenton-medalla-de-bronce-en-el-mejor-queso-de-espana\\\/\"},\"author\":{\"name\":\"\",\"@id\":\"\"},\"headline\":\"\u201cSelectum Piment\u00f3n\u201d, medalla de bronce en \u2018El Mejor Queso de Espa\u00f1a\u2019\",\"datePublished\":\"2024-04-29T11:14:13+00:00\",\"mainEntityOfPage\":{\"@id\":\"https:\\\/\\\/maxorata.es\\\/blog\\\/selectum-pimenton-medalla-de-bronce-en-el-mejor-queso-de-espana\\\/\"},\"wordCount\":183,\"publisher\":{\"@id\":\"https:\\\/\\\/maxorata.es\\\/#organization\"},\"image\":{\"@id\":\"https:\\\/\\\/maxorata.es\\\/blog\\\/selectum-pimenton-medalla-de-bronce-en-el-mejor-queso-de-espana\\\/#primaryimage\"},\"thumbnailUrl\":\"https:\\\/\\\/maxorata.es\\\/wp-content\\\/uploads\\\/2024\\\/04\\\/Maxorata-Salon-Gourmet-Selectum-pimenton.jpg\",\"articleSection\":[\"Noticias\"],\"inLanguage\":\"en-GB\"},{\"@type\":\"WebPage\",\"@id\":\"https:\\\/\\\/maxorata.es\\\/blog\\\/selectum-pimenton-medalla-de-bronce-en-el-mejor-queso-de-espana\\\/\",\"url\":\"https:\\\/\\\/maxorata.es\\\/blog\\\/selectum-pimenton-medalla-de-bronce-en-el-mejor-queso-de-espana\\\/\",\"name\":\"\u201cSelectum Piment\u00f3n\u201d, medalla de bronce en \u2018El Mejor Queso de Espa\u00f1a\u2019\",\"isPartOf\":{\"@id\":\"https:\\\/\\\/maxorata.es\\\/#website\"},\"primaryImageOfPage\":{\"@id\":\"https:\\\/\\\/maxorata.es\\\/blog\\\/selectum-pimenton-medalla-de-bronce-en-el-mejor-queso-de-espana\\\/#primaryimage\"},\"image\":{\"@id\":\"https:\\\/\\\/maxorata.es\\\/blog\\\/selectum-pimenton-medalla-de-bronce-en-el-mejor-queso-de-espana\\\/#primaryimage\"},\"thumbnailUrl\":\"https:\\\/\\\/maxorata.es\\\/wp-content\\\/uploads\\\/2024\\\/04\\\/Maxorata-Salon-Gourmet-Selectum-pimenton.jpg\",\"datePublished\":\"2024-04-29T11:14:13+00:00\",\"description\":\"El \\\"Selectum Piment\u00f3n\\\", de Maxorata, ha sido premiado con la Medalla de bronce en \u2018El Mejor Queso de Espa\u00f1a\u2019.\",\"breadcrumb\":{\"@id\":\"https:\\\/\\\/maxorata.es\\\/blog\\\/selectum-pimenton-medalla-de-bronce-en-el-mejor-queso-de-espana\\\/#breadcrumb\"},\"inLanguage\":\"en-GB\",\"potentialAction\":[{\"@type\":\"ReadAction\",\"target\":[\"https:\\\/\\\/maxorata.es\\\/blog\\\/selectum-pimenton-medalla-de-bronce-en-el-mejor-queso-de-espana\\\/\"]}]},{\"@type\":\"ImageObject\",\"inLanguage\":\"en-GB\",\"@id\":\"https:\\\/\\\/maxorata.es\\\/blog\\\/selectum-pimenton-medalla-de-bronce-en-el-mejor-queso-de-espana\\\/#primaryimage\",\"url\":\"https:\\\/\\\/maxorata.es\\\/wp-content\\\/uploads\\\/2024\\\/04\\\/Maxorata-Salon-Gourmet-Selectum-pimenton.jpg\",\"contentUrl\":\"https:\\\/\\\/maxorata.es\\\/wp-content\\\/uploads\\\/2024\\\/04\\\/Maxorata-Salon-Gourmet-Selectum-pimenton.jpg\",\"width\":922,\"height\":922},{\"@type\":\"BreadcrumbList\",\"@id\":\"https:\\\/\\\/maxorata.es\\\/blog\\\/selectum-pimenton-medalla-de-bronce-en-el-mejor-queso-de-espana\\\/#breadcrumb\",\"itemListElement\":[{\"@type\":\"ListItem\",\"position\":1,\"name\":\"Portada\",\"item\":\"https:\\\/\\\/maxorata.es\\\/\"},{\"@type\":\"ListItem\",\"position\":2,\"name\":\"\u201cSelectum Piment\u00f3n\u201d, medalla de bronce en \u2018El Mejor Queso de Espa\u00f1a\u2019\"}]},{\"@type\":\"WebSite\",\"@id\":\"https:\\\/\\\/maxorata.es\\\/#website\",\"url\":\"https:\\\/\\\/maxorata.es\\\/\",\"name\":\"Maxorata\",\"description\":\"Queso majorero y otros productos l\u00e1cteos del Grupo Ganaderos de Fuerteventura\",\"publisher\":{\"@id\":\"https:\\\/\\\/maxorata.es\\\/#organization\"},\"potentialAction\":[{\"@type\":\"SearchAction\",\"target\":{\"@type\":\"EntryPoint\",\"urlTemplate\":\"https:\\\/\\\/maxorata.es\\\/?s={search_term_string}\"},\"query-input\":{\"@type\":\"PropertyValueSpecification\",\"valueRequired\":true,\"valueName\":\"search_term_string\"}}],\"inLanguage\":\"en-GB\"},{\"@type\":\"Organization\",\"@id\":\"https:\\\/\\\/maxorata.es\\\/#organization\",\"name\":\"Grupo Ganaderos de Fuerteventura S.L\",\"url\":\"https:\\\/\\\/maxorata.es\\\/\",\"logo\":{\"@type\":\"ImageObject\",\"inLanguage\":\"en-GB\",\"@id\":\"https:\\\/\\\/maxorata.es\\\/#\\\/schema\\\/logo\\\/image\\\/\",\"url\":\"https:\\\/\\\/maxorata.es\\\/wp-content\\\/uploads\\\/2018\\\/05\\\/logo.jpg\",\"contentUrl\":\"https:\\\/\\\/maxorata.es\\\/wp-content\\\/uploads\\\/2018\\\/05\\\/logo.jpg\",\"width\":109,\"height\":77,\"caption\":\"Grupo Ganaderos de Fuerteventura S.L\"},\"image\":{\"@id\":\"https:\\\/\\\/maxorata.es\\\/#\\\/schema\\\/logo\\\/image\\\/\"}},{\"@type\":\"Person\",\"@id\":\"\",\"url\":\"https:\\\/\\\/maxorata.es\\\/en\\\/blog\\\/author\\\/\"}]}<\/script>\n<!-- \/ Yoast SEO plugin. -->","yoast_head_json":{"title":"\u201cSelectum Piment\u00f3n\u201d, medalla de bronce en \u2018El Mejor Queso de Espa\u00f1a\u2019","description":"El \"Selectum Piment\u00f3n\", de Maxorata, ha sido premiado con la Medalla de bronce en \u2018El Mejor Queso de Espa\u00f1a\u2019.","robots":{"index":"index","follow":"follow","max-snippet":"max-snippet:-1","max-image-preview":"max-image-preview:large","max-video-preview":"max-video-preview:-1"},"canonical":"https:\/\/maxorata.es\/en\/blog\/selectum-pimenton-medalla-de-bronce-en-el-mejor-queso-de-espana\/","og_locale":"en_GB","og_type":"article","og_title":"[:es]\u201cSelectum Piment\u00f3n\u201d, medalla de bronce en \u2018El Mejor Queso de Espa\u00f1a\u2019[:] - Maxorata","og_description":"[:es]El \"Selectum Piment\u00f3n\", de Maxorata, ha sido premiado con la Medalla de bronce en \u2018El Mejor Queso de Espa\u00f1a\u2019.[:]","og_url":"https:\/\/maxorata.es\/en\/blog\/selectum-pimenton-medalla-de-bronce-en-el-mejor-queso-de-espana\/","og_site_name":"Maxorata","article_published_time":"2024-04-29T11:14:13+00:00","og_image":[{"width":922,"height":922,"url":"https:\/\/maxorata.es\/wp-content\/uploads\/2024\/04\/Maxorata-Salon-Gourmet-Selectum-pimenton.jpg","type":"image\/jpeg"}],"twitter_card":"summary_large_image","twitter_misc":{"Written by":"","Estimated reading time":"1 minute"},"schema":{"@context":"https:\/\/schema.org","@graph":[{"@type":"Article","@id":"https:\/\/maxorata.es\/blog\/selectum-pimenton-medalla-de-bronce-en-el-mejor-queso-de-espana\/#article","isPartOf":{"@id":"https:\/\/maxorata.es\/blog\/selectum-pimenton-medalla-de-bronce-en-el-mejor-queso-de-espana\/"},"author":{"name":"","@id":""},"headline":"\u201cSelectum Piment\u00f3n\u201d, medalla de bronce en \u2018El Mejor Queso de Espa\u00f1a\u2019","datePublished":"2024-04-29T11:14:13+00:00","mainEntityOfPage":{"@id":"https:\/\/maxorata.es\/blog\/selectum-pimenton-medalla-de-bronce-en-el-mejor-queso-de-espana\/"},"wordCount":183,"publisher":{"@id":"https:\/\/maxorata.es\/#organization"},"image":{"@id":"https:\/\/maxorata.es\/blog\/selectum-pimenton-medalla-de-bronce-en-el-mejor-queso-de-espana\/#primaryimage"},"thumbnailUrl":"https:\/\/maxorata.es\/wp-content\/uploads\/2024\/04\/Maxorata-Salon-Gourmet-Selectum-pimenton.jpg","articleSection":["Noticias"],"inLanguage":"en-GB"},{"@type":"WebPage","@id":"https:\/\/maxorata.es\/blog\/selectum-pimenton-medalla-de-bronce-en-el-mejor-queso-de-espana\/","url":"https:\/\/maxorata.es\/blog\/selectum-pimenton-medalla-de-bronce-en-el-mejor-queso-de-espana\/","name":"\u201cSelectum Piment\u00f3n\u201d, medalla de bronce en \u2018El Mejor Queso de Espa\u00f1a\u2019","isPartOf":{"@id":"https:\/\/maxorata.es\/#website"},"primaryImageOfPage":{"@id":"https:\/\/maxorata.es\/blog\/selectum-pimenton-medalla-de-bronce-en-el-mejor-queso-de-espana\/#primaryimage"},"image":{"@id":"https:\/\/maxorata.es\/blog\/selectum-pimenton-medalla-de-bronce-en-el-mejor-queso-de-espana\/#primaryimage"},"thumbnailUrl":"https:\/\/maxorata.es\/wp-content\/uploads\/2024\/04\/Maxorata-Salon-Gourmet-Selectum-pimenton.jpg","datePublished":"2024-04-29T11:14:13+00:00","description":"El \"Selectum Piment\u00f3n\", de Maxorata, ha sido premiado con la Medalla de bronce en \u2018El Mejor Queso de Espa\u00f1a\u2019.","breadcrumb":{"@id":"https:\/\/maxorata.es\/blog\/selectum-pimenton-medalla-de-bronce-en-el-mejor-queso-de-espana\/#breadcrumb"},"inLanguage":"en-GB","potentialAction":[{"@type":"ReadAction","target":["https:\/\/maxorata.es\/blog\/selectum-pimenton-medalla-de-bronce-en-el-mejor-queso-de-espana\/"]}]},{"@type":"ImageObject","inLanguage":"en-GB","@id":"https:\/\/maxorata.es\/blog\/selectum-pimenton-medalla-de-bronce-en-el-mejor-queso-de-espana\/#primaryimage","url":"https:\/\/maxorata.es\/wp-content\/uploads\/2024\/04\/Maxorata-Salon-Gourmet-Selectum-pimenton.jpg","contentUrl":"https:\/\/maxorata.es\/wp-content\/uploads\/2024\/04\/Maxorata-Salon-Gourmet-Selectum-pimenton.jpg","width":922,"height":922},{"@type":"BreadcrumbList","@id":"https:\/\/maxorata.es\/blog\/selectum-pimenton-medalla-de-bronce-en-el-mejor-queso-de-espana\/#breadcrumb","itemListElement":[{"@type":"ListItem","position":1,"name":"Portada","item":"https:\/\/maxorata.es\/"},{"@type":"ListItem","position":2,"name":"\u201cSelectum Piment\u00f3n\u201d, medalla de bronce en \u2018El Mejor Queso de Espa\u00f1a\u2019"}]},{"@type":"WebSite","@id":"https:\/\/maxorata.es\/#website","url":"https:\/\/maxorata.es\/","name":"Maxorata","description":"Queso majorero y otros productos l\u00e1cteos del Grupo Ganaderos de Fuerteventura","publisher":{"@id":"https:\/\/maxorata.es\/#organization"},"potentialAction":[{"@type":"SearchAction","target":{"@type":"EntryPoint","urlTemplate":"https:\/\/maxorata.es\/?s={search_term_string}"},"query-input":{"@type":"PropertyValueSpecification","valueRequired":true,"valueName":"search_term_string"}}],"inLanguage":"en-GB"},{"@type":"Organization","@id":"https:\/\/maxorata.es\/#organization","name":"Grupo Ganaderos de Fuerteventura S.L","url":"https:\/\/maxorata.es\/","logo":{"@type":"ImageObject","inLanguage":"en-GB","@id":"https:\/\/maxorata.es\/#\/schema\/logo\/image\/","url":"https:\/\/maxorata.es\/wp-content\/uploads\/2018\/05\/logo.jpg","contentUrl":"https:\/\/maxorata.es\/wp-content\/uploads\/2018\/05\/logo.jpg","width":109,"height":77,"caption":"Grupo Ganaderos de Fuerteventura S.L"},"image":{"@id":"https:\/\/maxorata.es\/#\/schema\/logo\/image\/"}},{"@type":"Person","@id":"","url":"https:\/\/maxorata.es\/en\/blog\/author\/"}]}},"_links":{"self":[{"href":"https:\/\/maxorata.es\/en\/wp-json\/wp\/v2\/posts\/5643","targetHints":{"allow":["GET"]}}],"collection":[{"href":"https:\/\/maxorata.es\/en\/wp-json\/wp\/v2\/posts"}],"about":[{"href":"https:\/\/maxorata.es\/en\/wp-json\/wp\/v2\/types\/post"}],"author":[{"embeddable":true,"href":"https:\/\/maxorata.es\/en\/wp-json\/wp\/v2\/users\/1"}],"replies":[{"embeddable":true,"href":"https:\/\/maxorata.es\/en\/wp-json\/wp\/v2\/comments?post=5643"}],"version-history":[{"count":0,"href":"https:\/\/maxorata.es\/en\/wp-json\/wp\/v2\/posts\/5643\/revisions"}],"wp:featuredmedia":[{"embeddable":true,"href":"https:\/\/maxorata.es\/en\/wp-json\/wp\/v2\/media\/5644"}],"wp:attachment":[{"href":"https:\/\/maxorata.es\/en\/wp-json\/wp\/v2\/media?parent=5643"}],"wp:term":[{"taxonomy":"category","embeddable":true,"href":"https:\/\/maxorata.es\/en\/wp-json\/wp\/v2\/categories?post=5643"},{"taxonomy":"post_tag","embeddable":true,"href":"https:\/\/maxorata.es\/en\/wp-json\/wp\/v2\/tags?post=5643"}],"curies":[{"name":"wp","href":"https:\/\/api.w.org\/{rel}","templated":true}]}}