{"id":5662,"date":"2024-07-18T09:00:15","date_gmt":"2024-07-18T08:00:15","guid":{"rendered":"https:\/\/www.maxorata.es\/?p=5662"},"modified":"2024-07-18T10:47:24","modified_gmt":"2024-07-18T09:47:24","slug":"quesos-maxorata-mercado-de-la-paz-madrid","status":"publish","type":"post","link":"https:\/\/maxorata.es\/en\/blog\/quesos-maxorata-mercado-de-la-paz-madrid\/","title":{"rendered":"Gran acogida de los quesos Maxorata en el Mercado de La Paz de Madrid"},"content":{"rendered":"<p>El <a href=\"https:\/\/maxorata.es\/maxorata\/\" target=\"_blank\" rel=\"noopener\">Grupo Ganaderos de Fuerteventura<\/a> se siente orgulloso de la enorme acogida que han tenido sus quesos Maxorata en el Mercado de la Paz, de Madrid. Tras la puesta en marcha por parte del Gobierno de Canarias, a trav\u00e9s de Proexca, de una acci\u00f3n para la promoci\u00f3n exterior de empresas agroalimentarias canarias en el marco del D\u00eda de Canarias, han crecido los \u00edndices de venta y se ha sumado el inter\u00e9s de tres nuevos puntos de venta para seguir vendiendo nuestros productos canarios.<\/p>\n<h1><strong>D\u00eda de Canarias, campa\u00f1a \u201c<a href=\"https:\/\/www.youtube.com\/watch?v=ENQlpWkAhIs&amp;ab_channel=presicanarias\">Celebramos lo que somos<\/a>\u201d en Madrid<\/strong><\/h1>\n<p><img loading=\"lazy\" decoding=\"async\" class=\"aligncenter wp-image-5664 \" src=\"https:\/\/maxorata.es\/wp-content\/uploads\/2024\/07\/Maxorata-quesos-Mercado-de-la-Paz.jpeg\" alt=\"\" width=\"1187\" height=\"791\" srcset=\"https:\/\/maxorata.es\/wp-content\/uploads\/2024\/07\/Maxorata-quesos-Mercado-de-la-Paz.jpeg 2000w, https:\/\/maxorata.es\/wp-content\/uploads\/2024\/07\/Maxorata-quesos-Mercado-de-la-Paz-300x200.jpeg 300w, https:\/\/maxorata.es\/wp-content\/uploads\/2024\/07\/Maxorata-quesos-Mercado-de-la-Paz-1024x682.jpeg 1024w, https:\/\/maxorata.es\/wp-content\/uploads\/2024\/07\/Maxorata-quesos-Mercado-de-la-Paz-768x512.jpeg 768w, https:\/\/maxorata.es\/wp-content\/uploads\/2024\/07\/Maxorata-quesos-Mercado-de-la-Paz-1536x1024.jpeg 1536w\" sizes=\"auto, (max-width: 1187px) 100vw, 1187px\" \/>Durante la semana del D\u00eda de Canarias, el Mercado de la Paz de Madrid alberg\u00f3 un puesto con productos t\u00edpicos de gastronom\u00eda de las islas, adem\u00e1s de que varios de los puestos que all\u00ed se encuentran de forma habitual participaron en la venta directa de estos productos, destacando la buena acogida de nuestros quesos Maxorata y el almogrote de las islas.<\/p>\n<p>Los puestos \u00c1lvarez Selecci\u00f3n, Sanabria Market y El Huertico han manifestado su deseo de seguir comercializando m\u00e1s all\u00e1 de aquella acci\u00f3n algunos productos canarios. \u00c1lvarez Selecci\u00f3n ha mostrado su inter\u00e9s por comercializar queso y El Huertico y Sanabria Market quieren comercializar los mojos, con posibilidad de ampliar en futuro a nuevos productos.<\/p>\n<p>Esta acci\u00f3n se enmarca en el Plan Sectorial de la industria Agroalimentaria llevada a cabo para apoyar a las peque\u00f1as y medianas empresas de Canarias a seguir creciendo y distribuir sus productos en mercados exteriores, como la pen\u00ednsula ib\u00e9rica.<\/p>\n","protected":false},"excerpt":{"rendered":"<p>El Grupo Ganaderos de Fuerteventura se siente orgulloso de la enorme acogida que han tenido sus quesos Maxorata en el Mercado de la Paz, de Madrid. Tras la puesta en marcha por parte del Gobierno de Canarias, a trav\u00e9s de Proexca, de una acci\u00f3n para la promoci\u00f3n exterior de empresas agroalimentarias canarias en el marco&hellip;<\/p>\n","protected":false},"author":1,"featured_media":5663,"comment_status":"closed","ping_status":"closed","sticky":false,"template":"","format":"standard","meta":{"footnotes":""},"categories":[42],"tags":[],"class_list":["post-5662","post","type-post","status-publish","format-standard","has-post-thumbnail","hentry","category-noticias","category-42","description-off"],"yoast_head":"<!-- This site is optimized with the Yoast SEO plugin v28.3 - https:\/\/yoast.com\/product\/yoast-seo-wordpress\/ -->\n<title>Gran acogida de los quesos Maxorata en el Mercado de La Paz de Madrid<\/title>\n<meta name=\"description\" content=\"El Grupo Ganaderos de Fuertventura se siente orgulloso de la enorme acogida que han tenido sus quesos Maxorata en el Mercado de la Paz.\" \/>\n<meta name=\"robots\" content=\"index, follow, max-snippet:-1, max-image-preview:large, max-video-preview:-1\" \/>\n<link rel=\"canonical\" href=\"https:\/\/maxorata.es\/en\/blog\/quesos-maxorata-mercado-de-la-paz-madrid\/\" \/>\n<meta property=\"og:locale\" content=\"en_GB\" \/>\n<meta property=\"og:locale:alternate\" content=\"es_ES\" \/>\n<meta property=\"og:type\" content=\"article\" \/>\n<meta property=\"og:title\" content=\"Gran acogida de los quesos Maxorata en el Mercado de La Paz de Madrid\" \/>\n<meta property=\"og:description\" content=\"El Grupo Ganaderos de Fuertventura se siente orgulloso de la enorme acogida que han tenido sus quesos Maxorata en el Mercado de la Paz.\" \/>\n<meta property=\"og:url\" content=\"https:\/\/maxorata.es\/en\/blog\/quesos-maxorata-mercado-de-la-paz-madrid\/\" \/>\n<meta property=\"og:site_name\" content=\"Maxorata\" \/>\n<meta property=\"article:published_time\" content=\"2024-07-18T08:00:15+00:00\" \/>\n<meta property=\"article:modified_time\" content=\"2024-07-18T09:47:24+00:00\" \/>\n<meta property=\"og:image\" content=\"https:\/\/maxorata.es\/wp-content\/uploads\/2024\/07\/Maxorata-mercado-de-la-Paz-Madrid.jpg\" \/>\n\t<meta property=\"og:image:width\" content=\"922\" \/>\n\t<meta property=\"og:image:height\" content=\"922\" \/>\n\t<meta property=\"og:image:type\" content=\"image\/jpeg\" \/>\n<meta name=\"twitter:card\" content=\"summary_large_image\" \/>\n<meta name=\"twitter:label1\" content=\"Written by\" \/>\n\t<meta name=\"twitter:data1\" content=\"\" \/>\n\t<meta name=\"twitter:label2\" content=\"Estimated reading time\" \/>\n\t<meta name=\"twitter:data2\" content=\"2 minutes\" \/>\n<script type=\"application\/ld+json\" class=\"yoast-schema-graph\">{\"@context\":\"https:\\\/\\\/schema.org\",\"@graph\":[{\"@type\":\"Article\",\"@id\":\"https:\\\/\\\/maxorata.es\\\/blog\\\/quesos-maxorata-mercado-de-la-paz-madrid\\\/#article\",\"isPartOf\":{\"@id\":\"https:\\\/\\\/maxorata.es\\\/blog\\\/quesos-maxorata-mercado-de-la-paz-madrid\\\/\"},\"author\":{\"name\":\"\",\"@id\":\"\"},\"headline\":\"Gran acogida de los quesos Maxorata en el Mercado de La Paz de Madrid\",\"datePublished\":\"2024-07-18T08:00:15+00:00\",\"dateModified\":\"2024-07-18T09:47:24+00:00\",\"mainEntityOfPage\":{\"@id\":\"https:\\\/\\\/maxorata.es\\\/blog\\\/quesos-maxorata-mercado-de-la-paz-madrid\\\/\"},\"wordCount\":281,\"publisher\":{\"@id\":\"https:\\\/\\\/maxorata.es\\\/#organization\"},\"image\":{\"@id\":\"https:\\\/\\\/maxorata.es\\\/blog\\\/quesos-maxorata-mercado-de-la-paz-madrid\\\/#primaryimage\"},\"thumbnailUrl\":\"https:\\\/\\\/maxorata.es\\\/wp-content\\\/uploads\\\/2024\\\/07\\\/Maxorata-mercado-de-la-Paz-Madrid.jpg\",\"articleSection\":[\"Noticias\"],\"inLanguage\":\"en-GB\"},{\"@type\":\"WebPage\",\"@id\":\"https:\\\/\\\/maxorata.es\\\/blog\\\/quesos-maxorata-mercado-de-la-paz-madrid\\\/\",\"url\":\"https:\\\/\\\/maxorata.es\\\/blog\\\/quesos-maxorata-mercado-de-la-paz-madrid\\\/\",\"name\":\"Gran acogida de los quesos Maxorata en el Mercado de La Paz de Madrid\",\"isPartOf\":{\"@id\":\"https:\\\/\\\/maxorata.es\\\/#website\"},\"primaryImageOfPage\":{\"@id\":\"https:\\\/\\\/maxorata.es\\\/blog\\\/quesos-maxorata-mercado-de-la-paz-madrid\\\/#primaryimage\"},\"image\":{\"@id\":\"https:\\\/\\\/maxorata.es\\\/blog\\\/quesos-maxorata-mercado-de-la-paz-madrid\\\/#primaryimage\"},\"thumbnailUrl\":\"https:\\\/\\\/maxorata.es\\\/wp-content\\\/uploads\\\/2024\\\/07\\\/Maxorata-mercado-de-la-Paz-Madrid.jpg\",\"datePublished\":\"2024-07-18T08:00:15+00:00\",\"dateModified\":\"2024-07-18T09:47:24+00:00\",\"description\":\"El Grupo Ganaderos de Fuertventura se siente orgulloso de la enorme acogida que han tenido sus quesos Maxorata en el Mercado de la Paz.\",\"breadcrumb\":{\"@id\":\"https:\\\/\\\/maxorata.es\\\/blog\\\/quesos-maxorata-mercado-de-la-paz-madrid\\\/#breadcrumb\"},\"inLanguage\":\"en-GB\",\"potentialAction\":[{\"@type\":\"ReadAction\",\"target\":[\"https:\\\/\\\/maxorata.es\\\/blog\\\/quesos-maxorata-mercado-de-la-paz-madrid\\\/\"]}]},{\"@type\":\"ImageObject\",\"inLanguage\":\"en-GB\",\"@id\":\"https:\\\/\\\/maxorata.es\\\/blog\\\/quesos-maxorata-mercado-de-la-paz-madrid\\\/#primaryimage\",\"url\":\"https:\\\/\\\/maxorata.es\\\/wp-content\\\/uploads\\\/2024\\\/07\\\/Maxorata-mercado-de-la-Paz-Madrid.jpg\",\"contentUrl\":\"https:\\\/\\\/maxorata.es\\\/wp-content\\\/uploads\\\/2024\\\/07\\\/Maxorata-mercado-de-la-Paz-Madrid.jpg\",\"width\":922,\"height\":922},{\"@type\":\"BreadcrumbList\",\"@id\":\"https:\\\/\\\/maxorata.es\\\/blog\\\/quesos-maxorata-mercado-de-la-paz-madrid\\\/#breadcrumb\",\"itemListElement\":[{\"@type\":\"ListItem\",\"position\":1,\"name\":\"Portada\",\"item\":\"https:\\\/\\\/maxorata.es\\\/\"},{\"@type\":\"ListItem\",\"position\":2,\"name\":\"Gran acogida de los quesos Maxorata en el Mercado de La Paz de Madrid\"}]},{\"@type\":\"WebSite\",\"@id\":\"https:\\\/\\\/maxorata.es\\\/#website\",\"url\":\"https:\\\/\\\/maxorata.es\\\/\",\"name\":\"Maxorata\",\"description\":\"Queso majorero y otros productos l\u00e1cteos del Grupo Ganaderos de Fuerteventura\",\"publisher\":{\"@id\":\"https:\\\/\\\/maxorata.es\\\/#organization\"},\"potentialAction\":[{\"@type\":\"SearchAction\",\"target\":{\"@type\":\"EntryPoint\",\"urlTemplate\":\"https:\\\/\\\/maxorata.es\\\/?s={search_term_string}\"},\"query-input\":{\"@type\":\"PropertyValueSpecification\",\"valueRequired\":true,\"valueName\":\"search_term_string\"}}],\"inLanguage\":\"en-GB\"},{\"@type\":\"Organization\",\"@id\":\"https:\\\/\\\/maxorata.es\\\/#organization\",\"name\":\"Grupo Ganaderos de Fuerteventura S.L\",\"url\":\"https:\\\/\\\/maxorata.es\\\/\",\"logo\":{\"@type\":\"ImageObject\",\"inLanguage\":\"en-GB\",\"@id\":\"https:\\\/\\\/maxorata.es\\\/#\\\/schema\\\/logo\\\/image\\\/\",\"url\":\"https:\\\/\\\/maxorata.es\\\/wp-content\\\/uploads\\\/2018\\\/05\\\/logo.jpg\",\"contentUrl\":\"https:\\\/\\\/maxorata.es\\\/wp-content\\\/uploads\\\/2018\\\/05\\\/logo.jpg\",\"width\":109,\"height\":77,\"caption\":\"Grupo Ganaderos de Fuerteventura S.L\"},\"image\":{\"@id\":\"https:\\\/\\\/maxorata.es\\\/#\\\/schema\\\/logo\\\/image\\\/\"}},{\"@type\":\"Person\",\"@id\":\"\",\"url\":\"https:\\\/\\\/maxorata.es\\\/en\\\/blog\\\/author\\\/\"}]}<\/script>\n<!-- \/ Yoast SEO plugin. -->","yoast_head_json":{"title":"Gran acogida de los quesos Maxorata en el Mercado de La Paz de Madrid","description":"El Grupo Ganaderos de Fuertventura se siente orgulloso de la enorme acogida que han tenido sus quesos Maxorata en el Mercado de la Paz.","robots":{"index":"index","follow":"follow","max-snippet":"max-snippet:-1","max-image-preview":"max-image-preview:large","max-video-preview":"max-video-preview:-1"},"canonical":"https:\/\/maxorata.es\/en\/blog\/quesos-maxorata-mercado-de-la-paz-madrid\/","og_locale":"en_GB","og_type":"article","og_title":"[:es]Gran acogida de los quesos Maxorata en el Mercado de La Paz de Madrid[:] - Maxorata","og_description":"[:es]El Grupo Ganaderos de Fuertventura se siente orgulloso de la enorme acogida que han tenido sus quesos Maxorata en el Mercado de la Paz.[:]","og_url":"https:\/\/maxorata.es\/en\/blog\/quesos-maxorata-mercado-de-la-paz-madrid\/","og_site_name":"Maxorata","article_published_time":"2024-07-18T08:00:15+00:00","article_modified_time":"2024-07-18T09:47:24+00:00","og_image":[{"width":922,"height":922,"url":"https:\/\/maxorata.es\/wp-content\/uploads\/2024\/07\/Maxorata-mercado-de-la-Paz-Madrid.jpg","type":"image\/jpeg"}],"twitter_card":"summary_large_image","twitter_misc":{"Written by":"","Estimated reading time":"2 minutes"},"schema":{"@context":"https:\/\/schema.org","@graph":[{"@type":"Article","@id":"https:\/\/maxorata.es\/blog\/quesos-maxorata-mercado-de-la-paz-madrid\/#article","isPartOf":{"@id":"https:\/\/maxorata.es\/blog\/quesos-maxorata-mercado-de-la-paz-madrid\/"},"author":{"name":"","@id":""},"headline":"Gran acogida de los quesos Maxorata en el Mercado de La Paz de Madrid","datePublished":"2024-07-18T08:00:15+00:00","dateModified":"2024-07-18T09:47:24+00:00","mainEntityOfPage":{"@id":"https:\/\/maxorata.es\/blog\/quesos-maxorata-mercado-de-la-paz-madrid\/"},"wordCount":281,"publisher":{"@id":"https:\/\/maxorata.es\/#organization"},"image":{"@id":"https:\/\/maxorata.es\/blog\/quesos-maxorata-mercado-de-la-paz-madrid\/#primaryimage"},"thumbnailUrl":"https:\/\/maxorata.es\/wp-content\/uploads\/2024\/07\/Maxorata-mercado-de-la-Paz-Madrid.jpg","articleSection":["Noticias"],"inLanguage":"en-GB"},{"@type":"WebPage","@id":"https:\/\/maxorata.es\/blog\/quesos-maxorata-mercado-de-la-paz-madrid\/","url":"https:\/\/maxorata.es\/blog\/quesos-maxorata-mercado-de-la-paz-madrid\/","name":"Gran acogida de los quesos Maxorata en el Mercado de La Paz de Madrid","isPartOf":{"@id":"https:\/\/maxorata.es\/#website"},"primaryImageOfPage":{"@id":"https:\/\/maxorata.es\/blog\/quesos-maxorata-mercado-de-la-paz-madrid\/#primaryimage"},"image":{"@id":"https:\/\/maxorata.es\/blog\/quesos-maxorata-mercado-de-la-paz-madrid\/#primaryimage"},"thumbnailUrl":"https:\/\/maxorata.es\/wp-content\/uploads\/2024\/07\/Maxorata-mercado-de-la-Paz-Madrid.jpg","datePublished":"2024-07-18T08:00:15+00:00","dateModified":"2024-07-18T09:47:24+00:00","description":"El Grupo Ganaderos de Fuertventura se siente orgulloso de la enorme acogida que han tenido sus quesos Maxorata en el Mercado de la Paz.","breadcrumb":{"@id":"https:\/\/maxorata.es\/blog\/quesos-maxorata-mercado-de-la-paz-madrid\/#breadcrumb"},"inLanguage":"en-GB","potentialAction":[{"@type":"ReadAction","target":["https:\/\/maxorata.es\/blog\/quesos-maxorata-mercado-de-la-paz-madrid\/"]}]},{"@type":"ImageObject","inLanguage":"en-GB","@id":"https:\/\/maxorata.es\/blog\/quesos-maxorata-mercado-de-la-paz-madrid\/#primaryimage","url":"https:\/\/maxorata.es\/wp-content\/uploads\/2024\/07\/Maxorata-mercado-de-la-Paz-Madrid.jpg","contentUrl":"https:\/\/maxorata.es\/wp-content\/uploads\/2024\/07\/Maxorata-mercado-de-la-Paz-Madrid.jpg","width":922,"height":922},{"@type":"BreadcrumbList","@id":"https:\/\/maxorata.es\/blog\/quesos-maxorata-mercado-de-la-paz-madrid\/#breadcrumb","itemListElement":[{"@type":"ListItem","position":1,"name":"Portada","item":"https:\/\/maxorata.es\/"},{"@type":"ListItem","position":2,"name":"Gran acogida de los quesos Maxorata en el Mercado de La Paz de Madrid"}]},{"@type":"WebSite","@id":"https:\/\/maxorata.es\/#website","url":"https:\/\/maxorata.es\/","name":"Maxorata","description":"Queso majorero y otros productos l\u00e1cteos del Grupo Ganaderos de Fuerteventura","publisher":{"@id":"https:\/\/maxorata.es\/#organization"},"potentialAction":[{"@type":"SearchAction","target":{"@type":"EntryPoint","urlTemplate":"https:\/\/maxorata.es\/?s={search_term_string}"},"query-input":{"@type":"PropertyValueSpecification","valueRequired":true,"valueName":"search_term_string"}}],"inLanguage":"en-GB"},{"@type":"Organization","@id":"https:\/\/maxorata.es\/#organization","name":"Grupo Ganaderos de Fuerteventura S.L","url":"https:\/\/maxorata.es\/","logo":{"@type":"ImageObject","inLanguage":"en-GB","@id":"https:\/\/maxorata.es\/#\/schema\/logo\/image\/","url":"https:\/\/maxorata.es\/wp-content\/uploads\/2018\/05\/logo.jpg","contentUrl":"https:\/\/maxorata.es\/wp-content\/uploads\/2018\/05\/logo.jpg","width":109,"height":77,"caption":"Grupo Ganaderos de Fuerteventura S.L"},"image":{"@id":"https:\/\/maxorata.es\/#\/schema\/logo\/image\/"}},{"@type":"Person","@id":"","url":"https:\/\/maxorata.es\/en\/blog\/author\/"}]}},"_links":{"self":[{"href":"https:\/\/maxorata.es\/en\/wp-json\/wp\/v2\/posts\/5662","targetHints":{"allow":["GET"]}}],"collection":[{"href":"https:\/\/maxorata.es\/en\/wp-json\/wp\/v2\/posts"}],"about":[{"href":"https:\/\/maxorata.es\/en\/wp-json\/wp\/v2\/types\/post"}],"author":[{"embeddable":true,"href":"https:\/\/maxorata.es\/en\/wp-json\/wp\/v2\/users\/1"}],"replies":[{"embeddable":true,"href":"https:\/\/maxorata.es\/en\/wp-json\/wp\/v2\/comments?post=5662"}],"version-history":[{"count":0,"href":"https:\/\/maxorata.es\/en\/wp-json\/wp\/v2\/posts\/5662\/revisions"}],"wp:featuredmedia":[{"embeddable":true,"href":"https:\/\/maxorata.es\/en\/wp-json\/wp\/v2\/media\/5663"}],"wp:attachment":[{"href":"https:\/\/maxorata.es\/en\/wp-json\/wp\/v2\/media?parent=5662"}],"wp:term":[{"taxonomy":"category","embeddable":true,"href":"https:\/\/maxorata.es\/en\/wp-json\/wp\/v2\/categories?post=5662"},{"taxonomy":"post_tag","embeddable":true,"href":"https:\/\/maxorata.es\/en\/wp-json\/wp\/v2\/tags?post=5662"}],"curies":[{"name":"wp","href":"https:\/\/api.w.org\/{rel}","templated":true}]}}